{"id":70579,"date":"2021-06-02T18:44:33","date_gmt":"2021-06-02T21:44:33","guid":{"rendered":"https:\/\/blogdoedvaldomagalhaes.com.br\/?p=70579"},"modified":"2021-06-02T18:44:37","modified_gmt":"2021-06-02T21:44:37","slug":"anderson-correia-solicita-inclusao-de-produtores-culturais-e-roadies-no-bem-sao-joao","status":"publish","type":"post","link":"https:\/\/blogdoedvaldomagalhaes.com.br\/index.php\/2021\/06\/02\/anderson-correia-solicita-inclusao-de-produtores-culturais-e-roadies-no-bem-sao-joao\/","title":{"rendered":"Anderson Correia solicita inclus\u00e3o de produtores culturais e roadies no BEM S\u00e3o Jo\u00e3o"},"content":{"rendered":"<p style=\"text-align: justify;\"><span style=\"font-size: inherit;\">Precursor da luta pela cria\u00e7\u00e3o de um aux\u00edlio emergencial para os artistas caruaruenses desde o in\u00edcio deste ano, o vereador Anderson Correia (PP) protocolou, nesta quarta-feira (2), uma Emenda Redacional ao Projeto de Lei \u201cBEM S\u00e3o Jo\u00e3o\u201d, Benef\u00edcio Emergencial Municipal que vai contemplar os artistas que participaram das festividades juninas do munic\u00edpio em 2019, para que sejam inclu\u00eddos tamb\u00e9m no aux\u00edlio produtores culturais e roadies.<\/span><\/p>\n<p style=\"text-align: justify;\">Autor do Anteprojeto de Lei \u201cS\u00e3o Jo\u00e3o Arretado\u201d, para instituir o aux\u00edlio municipal emergencial, destinado \u00e0 concess\u00e3o de benef\u00edcio financeiro aos artistas locais, o edil ressalta na proposi\u00e7\u00e3o a import\u00e2ncia destes profissionais e o quanto precisam e merecem ser inclu\u00eddos no BEM S\u00e3o Jo\u00e3o.<\/p>\n<p style=\"text-align: justify;\">\u201cOs produtores culturais e roadies t\u00eam como a grande fun\u00e7\u00e3o executar muito mais do que o resultado final dos eventos. O servi\u00e7o tem muitas fases. Ele come\u00e7a a produzir pr\u00e9, durante e p\u00f3s-produ\u00e7\u00e3o, e assim faz com que seu trabalho seja um ciclo. Todas e todos tem passados por momentos de grandes dificuldades, e \u00e9 necess\u00e1rio olhar para os produtores culturais e roadies com bons olhos, tendo em vista que, sem eles, n\u00e3o h\u00e1 eventos culturais\u201d, destacou.<\/p>\n<p style=\"text-align: justify;\">Essa \u00e9 mais uma iniciativa do parlamentar em prol da classe art\u00edstica caruaruense. Al\u00e9m do Anteprojeto de Lei \u201cS\u00e3o Jo\u00e3o Arretado\u201d, Anderson tamb\u00e9m apresentou um of\u00edcio direcionado ao deputado estadual Romero Albuquerque (PP), para que fosse viabilizada uma emenda parlamentar em favor da Associa\u00e7\u00e3o dos Forrozeiros e Trios P\u00e9-de-serra de Caruaru \u2013 Asfoc.<\/p>\n","protected":false},"excerpt":{"rendered":"<p>Precursor da luta pela cria\u00e7\u00e3o de um aux\u00edlio emergencial para os artistas caruaruenses desde o in\u00edcio deste ano, o vereador&hellip;<\/p>\n","protected":false},"author":1,"featured_media":70580,"comment_status":"open","ping_status":"open","sticky":false,"template":"","format":"standard","meta":{"footnotes":""},"categories":[14122],"tags":[21805,2,19532,1950,20],"class_list":["post-70579","post","type-post","status-publish","format-standard","has-post-thumbnail","hentry","category-politica","tag-anderson-correia-solicita-inclusao-de-produtores-culturais-e-roadies-no-bem-sao-joao","tag-blog-do-edvaldo-magalhaes","tag-blog-mais-acessado-e-visualizado-de-caruaru-e-regiao","tag-noticias-de-caruaru","tag-politica"],"_links":{"self":[{"href":"https:\/\/blogdoedvaldomagalhaes.com.br\/index.php\/wp-json\/wp\/v2\/posts\/70579","targetHints":{"allow":["GET"]}}],"collection":[{"href":"https:\/\/blogdoedvaldomagalhaes.com.br\/index.php\/wp-json\/wp\/v2\/posts"}],"about":[{"href":"https:\/\/blogdoedvaldomagalhaes.com.br\/index.php\/wp-json\/wp\/v2\/types\/post"}],"author":[{"embeddable":true,"href":"https:\/\/blogdoedvaldomagalhaes.com.br\/index.php\/wp-json\/wp\/v2\/users\/1"}],"replies":[{"embeddable":true,"href":"https:\/\/blogdoedvaldomagalhaes.com.br\/index.php\/wp-json\/wp\/v2\/comments?post=70579"}],"version-history":[{"count":1,"href":"https:\/\/blogdoedvaldomagalhaes.com.br\/index.php\/wp-json\/wp\/v2\/posts\/70579\/revisions"}],"predecessor-version":[{"id":70581,"href":"https:\/\/blogdoedvaldomagalhaes.com.br\/index.php\/wp-json\/wp\/v2\/posts\/70579\/revisions\/70581"}],"wp:featuredmedia":[{"embeddable":true,"href":"https:\/\/blogdoedvaldomagalhaes.com.br\/index.php\/wp-json\/wp\/v2\/media\/70580"}],"wp:attachment":[{"href":"https:\/\/blogdoedvaldomagalhaes.com.br\/index.php\/wp-json\/wp\/v2\/media?parent=70579"}],"wp:term":[{"taxonomy":"category","embeddable":true,"href":"https:\/\/blogdoedvaldomagalhaes.com.br\/index.php\/wp-json\/wp\/v2\/categories?post=70579"},{"taxonomy":"post_tag","embeddable":true,"href":"https:\/\/blogdoedvaldomagalhaes.com.br\/index.php\/wp-json\/wp\/v2\/tags?post=70579"}],"curies":[{"name":"wp","href":"https:\/\/api.w.org\/{rel}","templated":true}]}}