{"id":70571,"date":"2021-06-02T17:27:31","date_gmt":"2021-06-02T20:27:31","guid":{"rendered":"https:\/\/blogdoedvaldomagalhaes.com.br\/?p=70571"},"modified":"2021-06-02T18:40:16","modified_gmt":"2021-06-02T21:40:16","slug":"governo-pe-prorroga-medidas-restritivas-ate-13-de-junho-por-causa-da-covid-19","status":"publish","type":"post","link":"https:\/\/blogdoedvaldomagalhaes.com.br\/index.php\/2021\/06\/02\/governo-pe-prorroga-medidas-restritivas-ate-13-de-junho-por-causa-da-covid-19\/","title":{"rendered":"Governo-PE prorroga medidas restritivas at\u00e9 13 de junho por causa da covid-19"},"content":{"rendered":"<p style=\"text-align: justify;\"><span style=\"font-size: inherit;\">O Governo de Pernambuco, ap\u00f3s an\u00e1lise do Comit\u00ea de Enfrentamento \u00e0 Covid-19, informou, por meio de coletiva online, a prorroga\u00e7\u00e3o das medidas restritivas estabelecidas em todo o Estado, seguindo agora at\u00e9 o dia 13 de junho. Foi anunciado tamb\u00e9m que a Macrorregi\u00e3o 3, no Sert\u00e3o, entrar\u00e1 no esquema v\u00e1lido para a Macrorregi\u00e3o 1. Agora, as regionais de Arcoverde, Afogados da Ingazeira e Serra Talhada seguir\u00e3o as normas j\u00e1 vigentes no Recife, Regi\u00e3o Metropolitana e \u00e1reas da Zona da Mata, com restri\u00e7\u00f5es aos s\u00e1bados e domingos, quando somente servi\u00e7os autorizados podem funcionar.<\/span><\/p>\n<p style=\"text-align: justify;\">As 65 cidades do Agreste, sendo 53 munic\u00edpios das Ger\u00eancias Regionais (Geres) de Caruaru e Garanhuns, al\u00e9m das 12 cidades da Geres de Limoeiro, seguem em quarentena r\u00edgida. Nesses locais, durante toda a semana, s\u00f3 poder\u00e3o abrir as portas atividades autorizadas. A Macrorregi\u00e3o 4, que contempla a regi\u00e3o do Vale do S\u00e3o Francisco e Araripe, permanece no esquema de funcionamento at\u00e9 20h, de segunda a sexta, e at\u00e9 18h nos finais de semana.<\/p>\n<p style=\"text-align: justify;\">De acordo com o secret\u00e1rio estadual de Sa\u00fade, Andr\u00e9 Longo, Pernambuco vive ainda um momento delicado em rela\u00e7\u00e3o \u00e0 pandemia. Segundo ele, a situa\u00e7\u00e3o tem gerado uma crescente demanda por leitos, superando a capacidade das redes de sa\u00fade p\u00fablica e privada. Na an\u00e1lise epidemiol\u00f3gica da Semana 21, o Estado ficou no mesmo patamar de casos graves da semana anterior, com a notifica\u00e7\u00e3o de 1.975 casos graves suspeitos.<\/p>\n<p style=\"text-align: justify;\">\u201cNa an\u00e1lise por Macrorregi\u00e3o, temos um cen\u00e1rio de estabilidade na 4\u00aa, seguido de um est\u00e1gio de plat\u00f4, em n\u00edveis ainda muito elevados na 1\u00aa. No Agreste, conseguimos interromper a acelera\u00e7\u00e3o exponencial e os indicadores ficaram est\u00e1veis, mas a regi\u00e3o continua gerando muitos doentes graves, pressionando a rede de sa\u00fade. Na 3\u00aa Macrorregi\u00e3o, tivemos uma acelera\u00e7\u00e3o mais r\u00e1pida, com um crescimento de 19% em uma semana e de 21% em 15 dias no n\u00famero de casos de S\u00edndrome Respirat\u00f3ria Aguda Grave\u201d, pontuou o secret\u00e1rio. Com rela\u00e7\u00e3o \u00e0s solicita\u00e7\u00f5es de UTI, a regi\u00e3o da Macro 3 apresentou um aumento de 18% em uma semana e de 68% em 15 dias. Foram 47 na Semana 19 at\u00e9 chegar a 79 na semana passada.<\/p>\n<p style=\"text-align: justify;\">Andr\u00e9 Longo anunciou ainda a abertura de mais 10 leitos de UTI no Hospital Mestre Vitalino, em Caruaru. \u201cSomando com os da semana passada, j\u00e1 s\u00e3o 60 leitos de terapia intensiva, nos \u00faltimos sete dias, sendo 40 no Agreste e 20 no Sert\u00e3o\u201d, explicou o secret\u00e1rio, que tamb\u00e9m ressaltou outras a\u00e7\u00f5es do Governo de Pernambuco para o interior do Estado. \u201cDistribu\u00edmos, at\u00e9 hoje, 154 concentradores de oxig\u00eanio para os munic\u00edpios que mais precisavam. Montamos uma Central Emergencial de Fornecimento de Oxig\u00eanio que, do \u00faltimo s\u00e1bado at\u00e9 o come\u00e7o da tarde de hoje, j\u00e1 socorreu 40 munic\u00edpios com o carregamento de 718 cilindros, totalizando 5.490 m\u00b3 de oxig\u00eanio\u201d, detalhou.<\/p>\n<p style=\"text-align: justify;\"><strong>ECONOMIA \u2013\u00a0<\/strong>A secret\u00e1ria executiva de Desenvolvimento Econ\u00f4mico, Ana Paula Vila\u00e7a, detalhou a prorroga\u00e7\u00e3o das medidas e explicou a import\u00e2ncia da iniciativa para conter a acelera\u00e7\u00e3o do v\u00edrus. \u201cEstamos mantendo o di\u00e1logo constante com os setores e respeitando a quest\u00e3o da previsibilidade. Para que todos possam se programar, estamos anunciando previamente essas novas medidas. Essas que t\u00eam surtido efeito, aliadas \u00e0s outras a\u00e7\u00f5es, como vacina\u00e7\u00e3o e abertura de leitos. Mas o nosso comportamento \u00e9 fundamental, principalmente em datas comemorativas, como o ponto facultativo de amanh\u00e3 (Corpus Christi) e o Dia dos Namorados. O momento ainda \u00e9 delicado. Estamos em um plano de conviv\u00eancia que pode ser alterado, pois h\u00e1 um acompanhamento di\u00e1rio dos n\u00fameros. Havendo mudan\u00e7as, elas ser\u00e3o anunciadas\u201d, esclareceu.<\/p>\n","protected":false},"excerpt":{"rendered":"<p>O Governo de Pernambuco, ap\u00f3s an\u00e1lise do Comit\u00ea de Enfrentamento \u00e0 Covid-19, informou, por meio de coletiva online, a prorroga\u00e7\u00e3o&hellip;<\/p>\n","protected":false},"author":1,"featured_media":61969,"comment_status":"open","ping_status":"open","sticky":false,"template":"","format":"standard","meta":{"footnotes":""},"categories":[14120],"tags":[2,19532,21804,1950],"class_list":["post-70571","post","type-post","status-publish","format-standard","has-post-thumbnail","hentry","category-noticias","tag-blog-do-edvaldo-magalhaes","tag-blog-mais-acessado-e-visualizado-de-caruaru-e-regiao","tag-governo-pe-prorroga-medidas-restritivas-ate-por-causa-da-covid-19","tag-noticias-de-caruaru"],"_links":{"self":[{"href":"https:\/\/blogdoedvaldomagalhaes.com.br\/index.php\/wp-json\/wp\/v2\/posts\/70571","targetHints":{"allow":["GET"]}}],"collection":[{"href":"https:\/\/blogdoedvaldomagalhaes.com.br\/index.php\/wp-json\/wp\/v2\/posts"}],"about":[{"href":"https:\/\/blogdoedvaldomagalhaes.com.br\/index.php\/wp-json\/wp\/v2\/types\/post"}],"author":[{"embeddable":true,"href":"https:\/\/blogdoedvaldomagalhaes.com.br\/index.php\/wp-json\/wp\/v2\/users\/1"}],"replies":[{"embeddable":true,"href":"https:\/\/blogdoedvaldomagalhaes.com.br\/index.php\/wp-json\/wp\/v2\/comments?post=70571"}],"version-history":[{"count":3,"href":"https:\/\/blogdoedvaldomagalhaes.com.br\/index.php\/wp-json\/wp\/v2\/posts\/70571\/revisions"}],"predecessor-version":[{"id":70577,"href":"https:\/\/blogdoedvaldomagalhaes.com.br\/index.php\/wp-json\/wp\/v2\/posts\/70571\/revisions\/70577"}],"wp:featuredmedia":[{"embeddable":true,"href":"https:\/\/blogdoedvaldomagalhaes.com.br\/index.php\/wp-json\/wp\/v2\/media\/61969"}],"wp:attachment":[{"href":"https:\/\/blogdoedvaldomagalhaes.com.br\/index.php\/wp-json\/wp\/v2\/media?parent=70571"}],"wp:term":[{"taxonomy":"category","embeddable":true,"href":"https:\/\/blogdoedvaldomagalhaes.com.br\/index.php\/wp-json\/wp\/v2\/categories?post=70571"},{"taxonomy":"post_tag","embeddable":true,"href":"https:\/\/blogdoedvaldomagalhaes.com.br\/index.php\/wp-json\/wp\/v2\/tags?post=70571"}],"curies":[{"name":"wp","href":"https:\/\/api.w.org\/{rel}","templated":true}]}}