{"id":70568,"date":"2021-06-02T15:45:12","date_gmt":"2021-06-02T18:45:12","guid":{"rendered":"https:\/\/blogdoedvaldomagalhaes.com.br\/?p=70568"},"modified":"2021-06-02T15:45:13","modified_gmt":"2021-06-02T18:45:13","slug":"hospital-de-campanha-de-caruaru-inicia-mes-de-junho-com-mais-10-leitos-de-uti-covid","status":"publish","type":"post","link":"https:\/\/blogdoedvaldomagalhaes.com.br\/index.php\/2021\/06\/02\/hospital-de-campanha-de-caruaru-inicia-mes-de-junho-com-mais-10-leitos-de-uti-covid\/","title":{"rendered":"Hospital de Campanha de Caruaru inicia m\u00eas de junho com mais 10 leitos de UTI Covid"},"content":{"rendered":"<p style=\"text-align: justify;\"><span style=\"font-size: inherit;\">A partir da tarde desta quarta-feira (02), o Hospital de Campanha de Caruaru, unidade localizada no p\u00e1tio do Hospital Mestre Vitalino (HMV), passou a contar com mais dez (10) leitos de UTI Covid-19. Agora os dois hospitais somam o total de 120 leitos de UTI destinados aos pacientes com suspeita ou confirma\u00e7\u00e3o de infec\u00e7\u00e3o pelo novo coronav\u00edrus. Desde o in\u00edcio do ano, esta \u00e9 a quinta vez que as unidades ampliam o quantitativo de leitos.<\/span><\/p>\n<p style=\"text-align: justify;\">Para aumentar a oferta de leitos de UTI, tendo em vista a grave situa\u00e7\u00e3o da pandemia na regi\u00e3o e o crescimento da busca por vagas, a unidade realizou uma reorganiza\u00e7\u00e3o dos leitos destinados \u00e0 enfermaria. Este processo contou com a parceria do Hospital S\u00e3o Sebasti\u00e3o (HSS), que passa a dispor agora de leitos de retaguarda, destinados a receber via regula\u00e7\u00e3o, os pacientes da cl\u00ednica p\u00f3s-Covid, ou seja, com quadro superado da doen\u00e7a e em per\u00edodo de n\u00e3o transmissibilidade, para finaliza\u00e7\u00e3o da recupera\u00e7\u00e3o. Desta forma, neste momento as duas unidades somam 60 leitos de enfermaria para os casos suspeitos ou confirmados de Covid-19.<\/p>\n<p style=\"text-align: justify;\">\u201cEstamos h\u00e1 v\u00e1rias semanas com a ocupa\u00e7\u00e3o dos leitos de UTI Covid em 100%, mesmo com as altas dos pacientes da UTI e alguns \u00f3bitos que ocorrem, rapidamente os leitos s\u00e3o ocupados por pacientes. Os nossos leitos s\u00e3o regulados pela Central de Regula\u00e7\u00e3o de Leitos do Estado. Atendendo a solicita\u00e7\u00e3o da Secretaria Estadual de Sa\u00fade, realizamos uma reorganiza\u00e7\u00e3o dos nossos leitos de enfermaria e firmamos uma parceria com o Hospital S\u00e3o Sebasti\u00e3o, para que possamos ofertar 10 novos leitos de UTI Covid. Estamos somando esfor\u00e7os nesse momento t\u00e3o delicado que vivemos com a pandemia\u201d, destacou Guacyra Pires, diretora m\u00e9dica do HMV.<\/p>\n","protected":false},"excerpt":{"rendered":"<p>A partir da tarde desta quarta-feira (02), o Hospital de Campanha de Caruaru, unidade localizada no p\u00e1tio do Hospital Mestre&hellip;<\/p>\n","protected":false},"author":1,"featured_media":70569,"comment_status":"open","ping_status":"open","sticky":false,"template":"","format":"standard","meta":{"footnotes":""},"categories":[14120],"tags":[2,19532,21803,1950],"class_list":["post-70568","post","type-post","status-publish","format-standard","has-post-thumbnail","hentry","category-noticias","tag-blog-do-edvaldo-magalhaes","tag-blog-mais-acessado-e-visualizado-de-caruaru-e-regiao","tag-hospital-de-campanha-de-caruaru-inicia-mes-de-junho-com-mais-10-leitos-de-uti-covid","tag-noticias-de-caruaru"],"_links":{"self":[{"href":"https:\/\/blogdoedvaldomagalhaes.com.br\/index.php\/wp-json\/wp\/v2\/posts\/70568","targetHints":{"allow":["GET"]}}],"collection":[{"href":"https:\/\/blogdoedvaldomagalhaes.com.br\/index.php\/wp-json\/wp\/v2\/posts"}],"about":[{"href":"https:\/\/blogdoedvaldomagalhaes.com.br\/index.php\/wp-json\/wp\/v2\/types\/post"}],"author":[{"embeddable":true,"href":"https:\/\/blogdoedvaldomagalhaes.com.br\/index.php\/wp-json\/wp\/v2\/users\/1"}],"replies":[{"embeddable":true,"href":"https:\/\/blogdoedvaldomagalhaes.com.br\/index.php\/wp-json\/wp\/v2\/comments?post=70568"}],"version-history":[{"count":1,"href":"https:\/\/blogdoedvaldomagalhaes.com.br\/index.php\/wp-json\/wp\/v2\/posts\/70568\/revisions"}],"predecessor-version":[{"id":70570,"href":"https:\/\/blogdoedvaldomagalhaes.com.br\/index.php\/wp-json\/wp\/v2\/posts\/70568\/revisions\/70570"}],"wp:featuredmedia":[{"embeddable":true,"href":"https:\/\/blogdoedvaldomagalhaes.com.br\/index.php\/wp-json\/wp\/v2\/media\/70569"}],"wp:attachment":[{"href":"https:\/\/blogdoedvaldomagalhaes.com.br\/index.php\/wp-json\/wp\/v2\/media?parent=70568"}],"wp:term":[{"taxonomy":"category","embeddable":true,"href":"https:\/\/blogdoedvaldomagalhaes.com.br\/index.php\/wp-json\/wp\/v2\/categories?post=70568"},{"taxonomy":"post_tag","embeddable":true,"href":"https:\/\/blogdoedvaldomagalhaes.com.br\/index.php\/wp-json\/wp\/v2\/tags?post=70568"}],"curies":[{"name":"wp","href":"https:\/\/api.w.org\/{rel}","templated":true}]}}