{"id":70565,"date":"2021-06-02T14:39:22","date_gmt":"2021-06-02T17:39:22","guid":{"rendered":"https:\/\/blogdoedvaldomagalhaes.com.br\/?p=70565"},"modified":"2021-06-02T14:39:23","modified_gmt":"2021-06-02T17:39:23","slug":"pernambuco-recebe-244-mil-novas-doses-da-vacina-astrazeneca-fiocruz","status":"publish","type":"post","link":"https:\/\/blogdoedvaldomagalhaes.com.br\/index.php\/2021\/06\/02\/pernambuco-recebe-244-mil-novas-doses-da-vacina-astrazeneca-fiocruz\/","title":{"rendered":"Pernambuco recebe 244 mil novas doses da vacina Astrazeneca\/Fiocruz"},"content":{"rendered":"<p style=\"font-weight: 400; text-align: justify;\">Pernambuco recebeu nesta quarta-feira (02.06), no Aeroporto Internacional do Recife\/Guararapes \u2013 Gilberto Freyre, mais 244 mil doses de vacinas contra a Covid-19 da Astrazeneca\/Fiocruz. Esse quantitativo ser\u00e1 utilizado para a primeira aplica\u00e7\u00e3o em pessoas com comorbidades e defici\u00eancias, al\u00e9m dos trabalhadores da \u00e1rea de educa\u00e7\u00e3o, dos ensinos b\u00e1sico e superior.<\/p>\n<p style=\"font-weight: 400; text-align: justify;\">\u201cContinuamos com essa meta importante de seguir avan\u00e7ando cada vez mais na vacina\u00e7\u00e3o da popula\u00e7\u00e3o do nosso Estado. Temos todo um processo de log\u00edstica eficiente e r\u00e1pido, que garante a distribui\u00e7\u00e3o imediata das doses para todas as regi\u00f5es, permitindo que as prefeituras tamb\u00e9m avancem com agilidade nesse processo. E continuamos refor\u00e7ando as orienta\u00e7\u00f5es para que a popula\u00e7\u00e3o tamb\u00e9m fa\u00e7a sua parte, comparecendo aos postos de sa\u00fade para tomar as vacinas, al\u00e9m de continuar cumprindo as medidas sanit\u00e1rias, mantendo o distanciamento social e evitando aglomera\u00e7\u00f5es\u201d, afirmou Paulo C\u00e2mara.<\/p>\n<p style=\"font-weight: 400; text-align: justify;\">As doses recebidas pela manh\u00e3 foram levadas ao Programa Estadual de Imuniza\u00e7\u00e3o (PNI-PE), para separa\u00e7\u00e3o por munic\u00edpio e posterior envio, j\u00e1 nesta tarde, para as 12 Ger\u00eancias Regionais de Sa\u00fade (Geres), onde os gestores municipais fazem a retirada. O secret\u00e1rio estadual de Sa\u00fade, Andr\u00e9 Longo, refor\u00e7ou a necessidade do planejamento das a\u00e7\u00f5es e da cria\u00e7\u00e3o de estrat\u00e9gias diversas para otimizar o uso do insumo e\u00a0 assim, chegar \u00e0 popula\u00e7\u00e3o contemplada. \u201cTemos que dar velocidade \u00e0 vacina\u00e7\u00e3o e fazer uso de todo o insumo que temos dispon\u00edvel\u201d, ressaltou.<\/p>\n<p style=\"font-weight: 400; text-align: justify;\">De acordo com a superintendente de Imuniza\u00e7\u00e3o do Estado, Ana Catarina de Melo, os munic\u00edpios podem avan\u00e7ar para outros grupos priorit\u00e1rios, al\u00e9m das pessoas entre 50 e 59 anos, de acordo com a realidade local. \u201cN\u00e3o podemos deixar doses paradas e precisamos proteger o m\u00e1ximo de pessoas para evitarmos casos graves da Covid-19 e \u00f3bitos. \u00c9 importante, ainda, que os gestores municipais fiquem atentos aos grupos que j\u00e1 estavam sendo atendidos, como as gestantes e pu\u00e9rperas e as pessoas com comorbidades, para fazer busca ativa e garantir a imuniza\u00e7\u00e3o de todos\u201d, refor\u00e7ou.<\/p>\n<p style=\"font-weight: 400; text-align: justify;\">Somando esse novo lote, um total de 2.169.170 doses da Astrazeneca\/Fiocruz foi entregue ao Estado. Al\u00e9m disso, j\u00e1 foram recebidas 1.959.160 doses da Coronavac\/Butantan e outras 115.830 doses da Pfizer\/BioNTech, totalizando 4.244.160 vacinas disponibilizadas \u00e0 popula\u00e7\u00e3o pernambucana.<\/p>\n<p style=\"font-weight: 400; text-align: justify;\"><strong>SEGUNDA DOSE \u2013\u00a0<\/strong>O Programa Estadual de Imuniza\u00e7\u00e3o tamb\u00e9m far\u00e1 a distribui\u00e7\u00e3o de 3.950 doses da Coronavac\/Butantan destinadas exclusivamente para a segunda aplica\u00e7\u00e3o. Ao todo, 82 cidades ser\u00e3o beneficiadas. Esse quantitativo foi devolvido pelos munic\u00edpios do Cabo de Santo Agostinho e Sert\u00e2nia, que receberam em troca o mesmo quantitativo da Astrazeneca\/Fiocruz. Essa possibilidade de devolu\u00e7\u00e3o foi pactuada pelo Estado e munic\u00edpios na Comiss\u00e3o Intergestores Bipartite (CIB), com o intuito de auxiliar as cidades que est\u00e3o com d\u00e9ficit da segunda dose.<\/p>\n<p style=\"font-weight: 400; text-align: justify;\">Na segunda quinzena de maio, o programa j\u00e1 tinha encaminhado 58,6 mil doses extras do estoque estrat\u00e9gico para 129 munic\u00edpios. Contudo, ainda faltam pouco mais de 49 mil. Com essa entrega, ainda ser\u00e3o necess\u00e1rias 45.330 doses, para 80 cidades, que j\u00e1 foram solicitadas ao Minist\u00e9rio da Sa\u00fade.<\/p>\n<p style=\"text-align: justify;\">Carga chegou no Aeroporto do Recife &#8211; Reprodu\u00e7\u00e3o\/Hugo Dourado\/SES-PE<\/p>\n","protected":false},"excerpt":{"rendered":"<p>Pernambuco recebeu nesta quarta-feira (02.06), no Aeroporto Internacional do Recife\/Guararapes \u2013 Gilberto Freyre, mais 244 mil doses de vacinas contra&hellip;<\/p>\n","protected":false},"author":1,"featured_media":70566,"comment_status":"open","ping_status":"open","sticky":false,"template":"","format":"standard","meta":{"footnotes":""},"categories":[14120],"tags":[2,19532,17559,3140,19670,21802],"class_list":["post-70565","post","type-post","status-publish","format-standard","has-post-thumbnail","hentry","category-noticias","tag-blog-do-edvaldo-magalhaes","tag-blog-mais-acessado-e-visualizado-de-caruaru-e-regiao","tag-covid-19","tag-noticias-de-pernambuco","tag-novo-coronavirus","tag-pernambuco-recebe-244-mil-novas-doses-da-vacina-astrazeneca-fiocruz"],"_links":{"self":[{"href":"https:\/\/blogdoedvaldomagalhaes.com.br\/index.php\/wp-json\/wp\/v2\/posts\/70565","targetHints":{"allow":["GET"]}}],"collection":[{"href":"https:\/\/blogdoedvaldomagalhaes.com.br\/index.php\/wp-json\/wp\/v2\/posts"}],"about":[{"href":"https:\/\/blogdoedvaldomagalhaes.com.br\/index.php\/wp-json\/wp\/v2\/types\/post"}],"author":[{"embeddable":true,"href":"https:\/\/blogdoedvaldomagalhaes.com.br\/index.php\/wp-json\/wp\/v2\/users\/1"}],"replies":[{"embeddable":true,"href":"https:\/\/blogdoedvaldomagalhaes.com.br\/index.php\/wp-json\/wp\/v2\/comments?post=70565"}],"version-history":[{"count":1,"href":"https:\/\/blogdoedvaldomagalhaes.com.br\/index.php\/wp-json\/wp\/v2\/posts\/70565\/revisions"}],"predecessor-version":[{"id":70567,"href":"https:\/\/blogdoedvaldomagalhaes.com.br\/index.php\/wp-json\/wp\/v2\/posts\/70565\/revisions\/70567"}],"wp:featuredmedia":[{"embeddable":true,"href":"https:\/\/blogdoedvaldomagalhaes.com.br\/index.php\/wp-json\/wp\/v2\/media\/70566"}],"wp:attachment":[{"href":"https:\/\/blogdoedvaldomagalhaes.com.br\/index.php\/wp-json\/wp\/v2\/media?parent=70565"}],"wp:term":[{"taxonomy":"category","embeddable":true,"href":"https:\/\/blogdoedvaldomagalhaes.com.br\/index.php\/wp-json\/wp\/v2\/categories?post=70565"},{"taxonomy":"post_tag","embeddable":true,"href":"https:\/\/blogdoedvaldomagalhaes.com.br\/index.php\/wp-json\/wp\/v2\/tags?post=70565"}],"curies":[{"name":"wp","href":"https:\/\/api.w.org\/{rel}","templated":true}]}}