{"id":70558,"date":"2021-06-02T13:31:25","date_gmt":"2021-06-02T16:31:25","guid":{"rendered":"https:\/\/blogdoedvaldomagalhaes.com.br\/?p=70558"},"modified":"2021-06-02T20:17:59","modified_gmt":"2021-06-02T23:17:59","slug":"confira-o-que-abre-e-fecha-em-caruaru-no-dia-de-corpus-christi-nesta-quinta-3","status":"publish","type":"post","link":"https:\/\/blogdoedvaldomagalhaes.com.br\/index.php\/2021\/06\/02\/confira-o-que-abre-e-fecha-em-caruaru-no-dia-de-corpus-christi-nesta-quinta-3\/","title":{"rendered":"Confira o que abre e fecha em Caruaru no Dia de Corpus Christi nesta quinta (3)"},"content":{"rendered":"<p style=\"text-align: justify;\">Nesta quinta-feira (03), Dia de Corpus Christi, n\u00e3o ser\u00e1 feriado municipal em Caruaru, haver\u00e1 ponto facultativo nas repeti\u00e7\u00f5es p\u00fablicas federais e estaduais, com isso, n\u00e3o haver\u00e1 atendimento ao p\u00fablico. Escolas, bancos e reparti\u00e7\u00f5es p\u00fablicas estar\u00e3o fechados. As casas lot\u00e9ricas e os correios estar\u00e3o abertos. Os servi\u00e7os essenciais podem funcionar normalmente. Os servi\u00e7os considerados como n\u00e3o essenciais, s\u00f3 poder\u00e3o funcionar atrav\u00e9s de delivery.<\/p>\n<p style=\"text-align: justify;\">Segundo o Sindloja, em Caruaru, a quinta-feira que celebra Corpus Christi, n\u00e3o possui previs\u00e3o legal, pois a cidade j\u00e1 possui como feriados religiosos, incluindo a Sexta-feira da Paix\u00e3o de Cristo, os dias 24 e 29 de junho, S\u00e3o Jo\u00e3o e S\u00e3o Pedro, e Dia da Padroeira Nossa Senhora das Dores, no dia 15 de setembro.<span style=\"font-size: inherit;\"> As empresas que t\u00eam atividades permitidas segundo o decreto para conter a Covid-19, poder\u00e3o determinar jornada de trabalho nesta quinta-feira (3), Dia de Corpus Christi.<\/span><\/p>\n<p style=\"text-align: justify;\">As ag\u00eancias do Instituto Nacional do Seguro Social (INSS) ficar\u00e3o fechadas nos dias 03 e 04 de junho (quinta e sexta-feira), devido ao feriado de Corpus Christi e ao ponto facultativo autorizado pela Portaria N\u00ba 6.146, de 1\u00ba de Junho de 2021. O<span style=\"font-size: inherit;\">\u00a0INSS est\u00e1 entrando em contato com segurados que possuem agendamento nas ag\u00eancias, inclusive per\u00edcia m\u00e9dica, para informar sobre o cancelamento e reagendar o atendimento. No entanto, algumas pessoas podem estar com cadastro desatualizado, inviabilizando o contato. Caso n\u00e3o receba nenhuma liga\u00e7\u00e3o do Instituto, o segurado que possui hor\u00e1rio agendado deve ligar para o telefone 135 e remarcar o atendimento.<\/span><\/p>\n","protected":false},"excerpt":{"rendered":"<p>Nesta quinta-feira (03), Dia de Corpus Christi, n\u00e3o ser\u00e1 feriado municipal em Caruaru, haver\u00e1 ponto facultativo nas repeti\u00e7\u00f5es p\u00fablicas federais&hellip;<\/p>\n","protected":false},"author":1,"featured_media":70559,"comment_status":"open","ping_status":"open","sticky":false,"template":"","format":"standard","meta":{"footnotes":""},"categories":[14120],"tags":[2,19532,21801,1950],"class_list":["post-70558","post","type-post","status-publish","format-standard","has-post-thumbnail","hentry","category-noticias","tag-blog-do-edvaldo-magalhaes","tag-blog-mais-acessado-e-visualizado-de-caruaru-e-regiao","tag-confira-o-que-abre-e-fecha-em-caruaru-no-dia-de-corpus-christi-nesta-quinta-3","tag-noticias-de-caruaru"],"_links":{"self":[{"href":"https:\/\/blogdoedvaldomagalhaes.com.br\/index.php\/wp-json\/wp\/v2\/posts\/70558","targetHints":{"allow":["GET"]}}],"collection":[{"href":"https:\/\/blogdoedvaldomagalhaes.com.br\/index.php\/wp-json\/wp\/v2\/posts"}],"about":[{"href":"https:\/\/blogdoedvaldomagalhaes.com.br\/index.php\/wp-json\/wp\/v2\/types\/post"}],"author":[{"embeddable":true,"href":"https:\/\/blogdoedvaldomagalhaes.com.br\/index.php\/wp-json\/wp\/v2\/users\/1"}],"replies":[{"embeddable":true,"href":"https:\/\/blogdoedvaldomagalhaes.com.br\/index.php\/wp-json\/wp\/v2\/comments?post=70558"}],"version-history":[{"count":4,"href":"https:\/\/blogdoedvaldomagalhaes.com.br\/index.php\/wp-json\/wp\/v2\/posts\/70558\/revisions"}],"predecessor-version":[{"id":70585,"href":"https:\/\/blogdoedvaldomagalhaes.com.br\/index.php\/wp-json\/wp\/v2\/posts\/70558\/revisions\/70585"}],"wp:featuredmedia":[{"embeddable":true,"href":"https:\/\/blogdoedvaldomagalhaes.com.br\/index.php\/wp-json\/wp\/v2\/media\/70559"}],"wp:attachment":[{"href":"https:\/\/blogdoedvaldomagalhaes.com.br\/index.php\/wp-json\/wp\/v2\/media?parent=70558"}],"wp:term":[{"taxonomy":"category","embeddable":true,"href":"https:\/\/blogdoedvaldomagalhaes.com.br\/index.php\/wp-json\/wp\/v2\/categories?post=70558"},{"taxonomy":"post_tag","embeddable":true,"href":"https:\/\/blogdoedvaldomagalhaes.com.br\/index.php\/wp-json\/wp\/v2\/tags?post=70558"}],"curies":[{"name":"wp","href":"https:\/\/api.w.org\/{rel}","templated":true}]}}