{"id":7051,"date":"2017-01-16T13:15:00","date_gmt":"2017-01-16T15:15:00","guid":{"rendered":"http:\/\/blogdoedvaldomagalhaes.com.br\/index.php\/2017\/01\/16\/jovem-de-sao-paulo-e-assassinado-e\/"},"modified":"2019-02-09T01:13:51","modified_gmt":"2019-02-09T03:13:51","slug":"jovem-de-sao-paulo-e-assassinado-e","status":"publish","type":"post","link":"https:\/\/blogdoedvaldomagalhaes.com.br\/index.php\/2017\/01\/16\/jovem-de-sao-paulo-e-assassinado-e\/","title":{"rendered":"Jovem de S\u00e3o Paulo \u00e9 assassinado em Caruaru"},"content":{"rendered":"<div style=\"text-align: center;\">\n<iframe loading=\"lazy\" allowtransparency=\"true\" frameborder=\"0\" height=\"795\" scrolling=\"no\" src=\"https:\/\/www.facebook.com\/plugins\/video.php?href=https%3A%2F%2Fwww.facebook.com%2Fblogdoedvaldomagalhaes%2Fvideos%2F391945264472241%2F&amp;width=400&amp;show_text=true&amp;height=795&amp;appId\" style=\"border: none; overflow: hidden;\" width=\"400\"><\/iframe>\n<\/div>\n<p><\/p>\n<div style=\"text-align: justify;\">\nO jovem Gustavo Henrique de Oliveira, 22 anos, natural de S\u00e3o Paulo, foi encontrado morto na manh\u00e3 desta segunda-feira  (16), em um terreno por tr\u00e1s da avenida Jo\u00e3o Soares de Lyra, ao lado do Riacho do Moc\u00f3. Segundo informa\u00e7\u00f5es ele trabalhava como flanelinha no Boa Vista e morava no bairro Centen\u00e1rio.<\/p>\n<p>Este foi o 11\u00ba homic\u00eddio deste ano.<\/p><\/div>\n<p><\/p>\n<div class=\"separator\" style=\"clear: both; text-align: center;\">\n<a href=\"https:\/\/1.bp.blogspot.com\/-z1PUsuZfqbY\/WHzGRxi6j4I\/AAAAAAAANgo\/DXJ4SUb4h7AmipAgk-EoanUuEQb9vaXHACLcB\/s1600\/Fotos%2B%25281%2529.jpg\" imageanchor=\"1\" style=\"margin-left: 1em; margin-right: 1em;\"><img loading=\"lazy\" decoding=\"async\" border=\"0\" height=\"225\" src=\"http:\/\/blogdoedvaldomagalhaes.com.br\/wp-content\/uploads\/2017\/01\/Fotos28129.jpg\" width=\"400\" \/><\/a><\/div>\n<p><\/p>\n<div class=\"separator\" style=\"clear: both; text-align: center;\">\n<a href=\"https:\/\/4.bp.blogspot.com\/-vih3Tf4LSFM\/WHzGR9PpM8I\/AAAAAAAANgk\/fGVw_XUxTkQSonbgbC7lkBXfmBgwnBBewCLcB\/s1600\/Fotos%2B%25282%2529.jpg\" imageanchor=\"1\" style=\"margin-left: 1em; margin-right: 1em;\"><img loading=\"lazy\" decoding=\"async\" border=\"0\" height=\"225\" src=\"http:\/\/blogdoedvaldomagalhaes.com.br\/wp-content\/uploads\/2017\/01\/Fotos28229.jpg\" width=\"400\" \/><\/a><\/div>\n<p><\/p>\n<div class=\"separator\" style=\"clear: both; text-align: center;\">\n<a href=\"https:\/\/2.bp.blogspot.com\/-8DugJjOGK4A\/WHzGR4m8BYI\/AAAAAAAANgs\/mpEtVj5Pl9geSCGAAiyVOjvaAt5psCLFwCLcB\/s1600\/Fotos%2B%25283%2529.jpg\" imageanchor=\"1\" style=\"margin-left: 1em; margin-right: 1em;\"><img loading=\"lazy\" decoding=\"async\" border=\"0\" height=\"225\" src=\"http:\/\/blogdoedvaldomagalhaes.com.br\/wp-content\/uploads\/2017\/01\/Fotos28329.jpg\" width=\"400\" \/><\/a><\/div>\n<p><\/p>\n<div class=\"separator\" style=\"clear: both; text-align: center;\">\n<a href=\"https:\/\/1.bp.blogspot.com\/-CF2Pgx7ZJw8\/WHzGS-ga2wI\/AAAAAAAANgw\/_AIMevk3SyUkTIIHcN606AoGKiPJBCoyQCLcB\/s1600\/Fotos%2B%25284%2529.jpg\" imageanchor=\"1\" style=\"margin-left: 1em; margin-right: 1em;\"><img loading=\"lazy\" decoding=\"async\" border=\"0\" height=\"400\" src=\"http:\/\/blogdoedvaldomagalhaes.com.br\/wp-content\/uploads\/2017\/01\/Fotos28429.jpg\" width=\"225\" \/><\/a><\/div>\n<p><\/p>\n<div class=\"separator\" style=\"clear: both; text-align: center;\">\n<a href=\"https:\/\/3.bp.blogspot.com\/-zyBa8pLoMnc\/WHzGS4jt_3I\/AAAAAAAANg0\/zZJECnZvB1Ijv0GmSo2IMpBa4RXnBGcdQCLcB\/s1600\/Fotos%2B%25285%2529.jpg\" imageanchor=\"1\" style=\"margin-left: 1em; margin-right: 1em;\"><img loading=\"lazy\" decoding=\"async\" border=\"0\" height=\"225\" src=\"http:\/\/blogdoedvaldomagalhaes.com.br\/wp-content\/uploads\/2017\/01\/Fotos28529.jpg\" width=\"400\" \/><\/a><\/div>\n<p><\/p>\n<div class=\"separator\" style=\"clear: both; text-align: center;\">\n<a href=\"https:\/\/1.bp.blogspot.com\/-rrk6hWhoV-I\/WHzGSyui7xI\/AAAAAAAANg4\/e1JhEvekPDY_diMJVVCIiFA2jem5TXbtQCLcB\/s1600\/Fotos%2B%25286%2529.jpg\" imageanchor=\"1\" style=\"margin-left: 1em; margin-right: 1em;\"><img loading=\"lazy\" decoding=\"async\" border=\"0\" height=\"225\" src=\"http:\/\/blogdoedvaldomagalhaes.com.br\/wp-content\/uploads\/2017\/01\/Fotos28629.jpg\" width=\"400\" \/><\/a><\/div>\n<p><\/p>\n<div class=\"separator\" style=\"clear: both; text-align: center;\">\n<a href=\"https:\/\/1.bp.blogspot.com\/-PzFbMxFvE2o\/WHzGTEPaEiI\/AAAAAAAANg8\/LN2OoYOvVr0jP3wArET3si9dGNIVYjCnACLcB\/s1600\/Fotos%2B%25287%2529.jpg\" imageanchor=\"1\" style=\"margin-left: 1em; margin-right: 1em;\"><img loading=\"lazy\" decoding=\"async\" border=\"0\" height=\"225\" src=\"http:\/\/blogdoedvaldomagalhaes.com.br\/wp-content\/uploads\/2017\/01\/Fotos28729.jpg\" width=\"400\" \/><\/a><\/div>\n","protected":false},"excerpt":{"rendered":"<p>O jovem Gustavo Henrique de Oliveira, 22 anos, natural de S\u00e3o Paulo, foi encontrado morto na manh\u00e3 desta segunda-feira (16),&hellip;<\/p>\n","protected":false},"author":1,"featured_media":0,"comment_status":"open","ping_status":"open","sticky":false,"template":"","format":"standard","meta":{"footnotes":""},"categories":[1],"tags":[9702,9703,9704,13,9705],"class_list":["post-7051","post","type-post","status-publish","format-standard","hentry","category-sem-categoria","tag-avenida-joao-soares-de-lyra","tag-gustavo-henrique-de-oliveira","tag-jovem-de-sao-paulo-e-assassinado-em-caruaru","tag-policial","tag-riacho-do-moco"],"_links":{"self":[{"href":"https:\/\/blogdoedvaldomagalhaes.com.br\/index.php\/wp-json\/wp\/v2\/posts\/7051","targetHints":{"allow":["GET"]}}],"collection":[{"href":"https:\/\/blogdoedvaldomagalhaes.com.br\/index.php\/wp-json\/wp\/v2\/posts"}],"about":[{"href":"https:\/\/blogdoedvaldomagalhaes.com.br\/index.php\/wp-json\/wp\/v2\/types\/post"}],"author":[{"embeddable":true,"href":"https:\/\/blogdoedvaldomagalhaes.com.br\/index.php\/wp-json\/wp\/v2\/users\/1"}],"replies":[{"embeddable":true,"href":"https:\/\/blogdoedvaldomagalhaes.com.br\/index.php\/wp-json\/wp\/v2\/comments?post=7051"}],"version-history":[{"count":1,"href":"https:\/\/blogdoedvaldomagalhaes.com.br\/index.php\/wp-json\/wp\/v2\/posts\/7051\/revisions"}],"predecessor-version":[{"id":16045,"href":"https:\/\/blogdoedvaldomagalhaes.com.br\/index.php\/wp-json\/wp\/v2\/posts\/7051\/revisions\/16045"}],"wp:attachment":[{"href":"https:\/\/blogdoedvaldomagalhaes.com.br\/index.php\/wp-json\/wp\/v2\/media?parent=7051"}],"wp:term":[{"taxonomy":"category","embeddable":true,"href":"https:\/\/blogdoedvaldomagalhaes.com.br\/index.php\/wp-json\/wp\/v2\/categories?post=7051"},{"taxonomy":"post_tag","embeddable":true,"href":"https:\/\/blogdoedvaldomagalhaes.com.br\/index.php\/wp-json\/wp\/v2\/tags?post=7051"}],"curies":[{"name":"wp","href":"https:\/\/api.w.org\/{rel}","templated":true}]}}