{"id":7050,"date":"2017-01-16T14:56:00","date_gmt":"2017-01-16T16:56:00","guid":{"rendered":"http:\/\/blogdoedvaldomagalhaes.com.br\/index.php\/2017\/01\/16\/protesto-em-rodovia-estadua\/"},"modified":"2019-02-09T01:13:51","modified_gmt":"2019-02-09T03:13:51","slug":"protesto-em-rodovia-estadua","status":"publish","type":"post","link":"https:\/\/blogdoedvaldomagalhaes.com.br\/index.php\/2017\/01\/16\/protesto-em-rodovia-estadua\/","title":{"rendered":"Protesto em rodovia estadual"},"content":{"rendered":"<div class=\"separator\" style=\"clear: both; text-align: center;\">\n<a href=\"https:\/\/1.bp.blogspot.com\/-6BDIHnEyqtw\/WHzcDrJe0pI\/AAAAAAAANhM\/MKH2m82CKHQWMztTjUn0BvkLbpOBUfSpACLcB\/s1600\/Batateiras.jpg\" imageanchor=\"1\" style=\"margin-left: 1em; margin-right: 1em;\"><img loading=\"lazy\" decoding=\"async\" border=\"0\" height=\"191\" src=\"http:\/\/blogdoedvaldomagalhaes.com.br\/wp-content\/uploads\/2017\/01\/Batateiras.jpg\" width=\"400\" \/><\/a><\/div>\n<p><\/p>\n<div style=\"text-align: justify;\">\nLoteiros estiveram protestando na PE-120 na manh\u00e3 desta segunda-feira (16), eles impediram a passagem de ve\u00edculos com pneus queimados desde as 6h, no trecho da rodovia que corta a cidade de Batateiras, causando um enorme engarrafamento no local. Esta \u00e9 uma rodovia de cerca de 40 km que vai do munic\u00edpio de Agrestina at\u00e9 o de Catende.<\/div>\n<p><\/p>\n<div class=\"separator\" style=\"clear: both; text-align: center;\">\n<\/div>\n","protected":false},"excerpt":{"rendered":"<p>Loteiros estiveram protestando na PE-120 na manh\u00e3 desta segunda-feira (16), eles impediram a passagem de ve\u00edculos com pneus queimados desde&hellip;<\/p>\n","protected":false},"author":1,"featured_media":0,"comment_status":"open","ping_status":"open","sticky":false,"template":"","format":"standard","meta":{"footnotes":""},"categories":[1],"tags":[5514,9700,2,4225,6,4241,9701],"class_list":["post-7050","post","type-post","status-publish","format-standard","hentry","category-sem-categoria","tag-agrestina","tag-batateiras","tag-blog-do-edvaldo-magalhaes","tag-catende","tag-noticias","tag-pe-120","tag-protesto-em-rodovia-estadual"],"_links":{"self":[{"href":"https:\/\/blogdoedvaldomagalhaes.com.br\/index.php\/wp-json\/wp\/v2\/posts\/7050","targetHints":{"allow":["GET"]}}],"collection":[{"href":"https:\/\/blogdoedvaldomagalhaes.com.br\/index.php\/wp-json\/wp\/v2\/posts"}],"about":[{"href":"https:\/\/blogdoedvaldomagalhaes.com.br\/index.php\/wp-json\/wp\/v2\/types\/post"}],"author":[{"embeddable":true,"href":"https:\/\/blogdoedvaldomagalhaes.com.br\/index.php\/wp-json\/wp\/v2\/users\/1"}],"replies":[{"embeddable":true,"href":"https:\/\/blogdoedvaldomagalhaes.com.br\/index.php\/wp-json\/wp\/v2\/comments?post=7050"}],"version-history":[{"count":1,"href":"https:\/\/blogdoedvaldomagalhaes.com.br\/index.php\/wp-json\/wp\/v2\/posts\/7050\/revisions"}],"predecessor-version":[{"id":16047,"href":"https:\/\/blogdoedvaldomagalhaes.com.br\/index.php\/wp-json\/wp\/v2\/posts\/7050\/revisions\/16047"}],"wp:attachment":[{"href":"https:\/\/blogdoedvaldomagalhaes.com.br\/index.php\/wp-json\/wp\/v2\/media?parent=7050"}],"wp:term":[{"taxonomy":"category","embeddable":true,"href":"https:\/\/blogdoedvaldomagalhaes.com.br\/index.php\/wp-json\/wp\/v2\/categories?post=7050"},{"taxonomy":"post_tag","embeddable":true,"href":"https:\/\/blogdoedvaldomagalhaes.com.br\/index.php\/wp-json\/wp\/v2\/tags?post=7050"}],"curies":[{"name":"wp","href":"https:\/\/api.w.org\/{rel}","templated":true}]}}