{"id":705,"date":"2018-11-14T17:49:00","date_gmt":"2018-11-14T19:49:00","guid":{"rendered":"http:\/\/blogdoedvaldomagalhaes.com.br\/index.php\/2018\/11\/14\/prf-fiscaliza-rodoviarias-na-operacao\/"},"modified":"2019-02-09T02:39:45","modified_gmt":"2019-02-09T04:39:45","slug":"prf-fiscaliza-rodoviarias-na-operacao","status":"publish","type":"post","link":"https:\/\/blogdoedvaldomagalhaes.com.br\/index.php\/2018\/11\/14\/prf-fiscaliza-rodoviarias-na-operacao\/","title":{"rendered":"PRF fiscaliza rodovi\u00e1rias na Opera\u00e7\u00e3o Proclama\u00e7\u00e3o da Rep\u00fablica"},"content":{"rendered":"<div class=\"separator\" style=\"clear: both; text-align: center;\">\n<a href=\"https:\/\/1.bp.blogspot.com\/-A5JuQZumjKI\/W-xgIuTuh7I\/AAAAAAAA9mc\/3cb9TERgRLoxcEN7cmF7Gl8gL_nUtwq_QCLcBGAs\/s1600\/prf.jpg\" imageanchor=\"1\" style=\"margin-left: 1em; margin-right: 1em;\"><img loading=\"lazy\" decoding=\"async\" border=\"0\" data-original-height=\"427\" data-original-width=\"640\" height=\"426\" src=\"http:\/\/blogdoedvaldomagalhaes.com.br\/wp-content\/uploads\/2018\/11\/prf-1.jpg\" width=\"640\" \/><\/a><\/div>\n<div class=\"separator\" style=\"clear: both; text-align: center;\">\nFoto: PRF\/Divulga\u00e7\u00e3o<\/div>\n<div style=\"text-align: justify;\">\n<\/div>\n<div style=\"text-align: justify;\">\nA Pol\u00edcia Rodovi\u00e1ria Federal iniciou nesta quarta-feira (14), a Opera\u00e7\u00e3o Proclama\u00e7\u00e3o da Rep\u00fablica 2018, que segue at\u00e9 o pr\u00f3ximo domingo (18). A a\u00e7\u00e3o tem o objetivo de reduzir a ocorr\u00eancia de acidentes graves e otimizar o combate ao crime nas rodovias federais.<\/div>\n<div style=\"text-align: justify;\">\n<\/div>\n<div style=\"text-align: justify;\">\nO \u00f3rg\u00e3o promove um refor\u00e7o concentrado na fiscaliza\u00e7\u00e3o preventiva em locais com maior incid\u00eancia de acidentes, em pontos das BRs 101, 104, 232 e 423. O planejamento tamb\u00e9m inclui a\u00e7\u00f5es de educa\u00e7\u00e3o para o tr\u00e2nsito, com foco na conscientiza\u00e7\u00e3o dos perigos do excesso de velocidade, da alcoolemia e das ultrapassagens proibidas.<\/div>\n<div style=\"text-align: justify;\">\n<\/div>\n","protected":false},"excerpt":{"rendered":"<p>Foto: PRF\/Divulga\u00e7\u00e3o A Pol\u00edcia Rodovi\u00e1ria Federal iniciou nesta quarta-feira (14), a Opera\u00e7\u00e3o Proclama\u00e7\u00e3o da Rep\u00fablica 2018, que segue at\u00e9 o&hellip;<\/p>\n","protected":false},"author":1,"featured_media":0,"comment_status":"open","ping_status":"open","sticky":false,"template":"","format":"standard","meta":{"footnotes":""},"categories":[1],"tags":[2,13,644],"class_list":["post-705","post","type-post","status-publish","format-standard","hentry","category-sem-categoria","tag-blog-do-edvaldo-magalhaes","tag-policial","tag-prf-fiscaliza-rodoviarias-na-operacao-proclamacao-da-republica"],"_links":{"self":[{"href":"https:\/\/blogdoedvaldomagalhaes.com.br\/index.php\/wp-json\/wp\/v2\/posts\/705","targetHints":{"allow":["GET"]}}],"collection":[{"href":"https:\/\/blogdoedvaldomagalhaes.com.br\/index.php\/wp-json\/wp\/v2\/posts"}],"about":[{"href":"https:\/\/blogdoedvaldomagalhaes.com.br\/index.php\/wp-json\/wp\/v2\/types\/post"}],"author":[{"embeddable":true,"href":"https:\/\/blogdoedvaldomagalhaes.com.br\/index.php\/wp-json\/wp\/v2\/users\/1"}],"replies":[{"embeddable":true,"href":"https:\/\/blogdoedvaldomagalhaes.com.br\/index.php\/wp-json\/wp\/v2\/comments?post=705"}],"version-history":[{"count":1,"href":"https:\/\/blogdoedvaldomagalhaes.com.br\/index.php\/wp-json\/wp\/v2\/posts\/705\/revisions"}],"predecessor-version":[{"id":35846,"href":"https:\/\/blogdoedvaldomagalhaes.com.br\/index.php\/wp-json\/wp\/v2\/posts\/705\/revisions\/35846"}],"wp:attachment":[{"href":"https:\/\/blogdoedvaldomagalhaes.com.br\/index.php\/wp-json\/wp\/v2\/media?parent=705"}],"wp:term":[{"taxonomy":"category","embeddable":true,"href":"https:\/\/blogdoedvaldomagalhaes.com.br\/index.php\/wp-json\/wp\/v2\/categories?post=705"},{"taxonomy":"post_tag","embeddable":true,"href":"https:\/\/blogdoedvaldomagalhaes.com.br\/index.php\/wp-json\/wp\/v2\/tags?post=705"}],"curies":[{"name":"wp","href":"https:\/\/api.w.org\/{rel}","templated":true}]}}