{"id":7049,"date":"2017-01-16T15:15:00","date_gmt":"2017-01-16T17:15:00","guid":{"rendered":"http:\/\/blogdoedvaldomagalhaes.com.br\/index.php\/2017\/01\/16\/sismuc-regional-ganha-na-justica-mais\/"},"modified":"2019-02-09T01:13:52","modified_gmt":"2019-02-09T03:13:52","slug":"sismuc-regional-ganha-na-justica-mais","status":"publish","type":"post","link":"https:\/\/blogdoedvaldomagalhaes.com.br\/index.php\/2017\/01\/16\/sismuc-regional-ganha-na-justica-mais\/","title":{"rendered":"SISMUC Regional ganha na Justi\u00e7a mais um direito para os professores"},"content":{"rendered":"<div class=\"separator\" style=\"clear: both; text-align: center;\">\n<a href=\"https:\/\/3.bp.blogspot.com\/-erU0NDI-n3Y\/WHzhr3RUhDI\/AAAAAAAANhc\/Ls_p0GH-bOcShlBLlgk9F7sKcdy3W0dfgCLcB\/s1600\/12647008_465612463630956_5242630909533105579_n.jpg\" imageanchor=\"1\" style=\"margin-left: 1em; margin-right: 1em;\"><img loading=\"lazy\" decoding=\"async\" border=\"0\" height=\"120\" src=\"http:\/\/blogdoedvaldomagalhaes.com.br\/wp-content\/uploads\/2017\/01\/12647008_465612463630956_5242630909533105579_n.jpg\" width=\"400\" \/><\/a><\/div>\n<div style=\"text-align: justify;\">\n<\/div>\n<div style=\"text-align: justify;\">\nEm decis\u00e3o liminar em sede de Mandado de Seguran\u00e7a, o SISMUC Regional por seu Departamento Jur\u00eddico, conseguiu perante a 1\u00ba Vara da Fazenda P\u00fablica o pagamento e a garantia do adicional de 1\/3 de f\u00e9rias aos professores da municipalidade, uma vez que a antiga gest\u00e3o municipal de Caruaru havia pago de forma alienat\u00f3ria apenas alguns professores, em detrimento a grande maioria.<\/div>\n<div style=\"text-align: justify;\">\n<\/div>\n<div style=\"text-align: justify;\">\nSegundo o Presidente do SISMUC Regional, Eduardo Mendon\u00e7a, &#8220;\u00e9 a vit\u00f3ria de um direito, de uma garantia que n\u00e3o precisava buscar judicializar, mas infelizmente nem todo gestor tem essa sensibilidade, e a\u00ed temos que bater a porta da Justi\u00e7a&#8221;.<\/div>\n<div style=\"text-align: justify;\">\n<\/div>\n<div style=\"text-align: justify;\">\nContinuando, Eduardo Mendon\u00e7a diz &#8220;ainda bem que o Juiz teve o discernimento que o direito \u00e9 bom, l\u00edquido e certo&#8221;. E dispara: &#8220;estamos entrando em outra gest\u00e3o, e esperamos sinceramente que os entendimentos sejam diferentes em rela\u00e7\u00e3o ao ex-prefeito, porque direito \u00e9 direito e estes devem ser sacramentados sem termos que buscar sempre o judici\u00e1rio&#8221;.<\/div>\n","protected":false},"excerpt":{"rendered":"<p>Em decis\u00e3o liminar em sede de Mandado de Seguran\u00e7a, o SISMUC Regional por seu Departamento Jur\u00eddico, conseguiu perante a 1\u00ba&hellip;<\/p>\n","protected":false},"author":1,"featured_media":0,"comment_status":"open","ping_status":"open","sticky":false,"template":"","format":"standard","meta":{"footnotes":""},"categories":[1],"tags":[2,3406,3236,6,9699],"class_list":["post-7049","post","type-post","status-publish","format-standard","hentry","category-sem-categoria","tag-blog-do-edvaldo-magalhaes","tag-caruaru","tag-eduardo-mendonca","tag-noticias","tag-sismuc-regional-ganha-na-justica-mais-um-direito-para-os-professores"],"_links":{"self":[{"href":"https:\/\/blogdoedvaldomagalhaes.com.br\/index.php\/wp-json\/wp\/v2\/posts\/7049","targetHints":{"allow":["GET"]}}],"collection":[{"href":"https:\/\/blogdoedvaldomagalhaes.com.br\/index.php\/wp-json\/wp\/v2\/posts"}],"about":[{"href":"https:\/\/blogdoedvaldomagalhaes.com.br\/index.php\/wp-json\/wp\/v2\/types\/post"}],"author":[{"embeddable":true,"href":"https:\/\/blogdoedvaldomagalhaes.com.br\/index.php\/wp-json\/wp\/v2\/users\/1"}],"replies":[{"embeddable":true,"href":"https:\/\/blogdoedvaldomagalhaes.com.br\/index.php\/wp-json\/wp\/v2\/comments?post=7049"}],"version-history":[{"count":1,"href":"https:\/\/blogdoedvaldomagalhaes.com.br\/index.php\/wp-json\/wp\/v2\/posts\/7049\/revisions"}],"predecessor-version":[{"id":16049,"href":"https:\/\/blogdoedvaldomagalhaes.com.br\/index.php\/wp-json\/wp\/v2\/posts\/7049\/revisions\/16049"}],"wp:attachment":[{"href":"https:\/\/blogdoedvaldomagalhaes.com.br\/index.php\/wp-json\/wp\/v2\/media?parent=7049"}],"wp:term":[{"taxonomy":"category","embeddable":true,"href":"https:\/\/blogdoedvaldomagalhaes.com.br\/index.php\/wp-json\/wp\/v2\/categories?post=7049"},{"taxonomy":"post_tag","embeddable":true,"href":"https:\/\/blogdoedvaldomagalhaes.com.br\/index.php\/wp-json\/wp\/v2\/tags?post=7049"}],"curies":[{"name":"wp","href":"https:\/\/api.w.org\/{rel}","templated":true}]}}