{"id":7048,"date":"2017-01-16T17:15:00","date_gmt":"2017-01-16T19:15:00","guid":{"rendered":"http:\/\/blogdoedvaldomagalhaes.com.br\/index.php\/2017\/01\/16\/delegacia-e-arrombada-e-armas-furtadas\/"},"modified":"2019-02-09T01:13:52","modified_gmt":"2019-02-09T03:13:52","slug":"delegacia-e-arrombada-e-armas-furtadas","status":"publish","type":"post","link":"https:\/\/blogdoedvaldomagalhaes.com.br\/index.php\/2017\/01\/16\/delegacia-e-arrombada-e-armas-furtadas\/","title":{"rendered":"Delegacia \u00e9 arrombada e armas furtadas em Pernambuco"},"content":{"rendered":"<p><\/p>\n<div class=\"separator\" style=\"clear: both; text-align: center;\">\n<a href=\"https:\/\/1.bp.blogspot.com\/-VKO5s2e-ZzE\/WHz-U-yVcSI\/AAAAAAAANhs\/iBVg1zf94E80yw9GJugHduaUPP7yeIN_QCLcB\/s1600\/dp.png\" imageanchor=\"1\" style=\"margin-left: 1em; margin-right: 1em;\"><img loading=\"lazy\" decoding=\"async\" border=\"0\" height=\"300\" src=\"http:\/\/blogdoedvaldomagalhaes.com.br\/wp-content\/uploads\/2017\/01\/dp.png\" width=\"400\" \/><\/a><\/div>\n<div class=\"separator\" style=\"clear: both; text-align: center;\">\nFoto: Reprodu\u00e7\u00e3o\/TV Asa Branca<\/div>\n<div style=\"text-align: justify;\">\n<\/div>\n<div style=\"text-align: justify;\">\nA 1\u00aa Delegacia de Pol\u00edcia Civil de Garanhuns, foi invadida por bandidos, que furtaram uma metralhadora .40 e uma espingarda calibre 12. A delegacia n\u00e3o funciona durante os fins de semana, por isso mesmo, n\u00e3o se sabe o dia em que o crime ocorreu.<\/div>\n<p><\/p>\n<div style=\"text-align: justify;\">\n<\/div>\n<div style=\"text-align: justify;\">\nSegundo o Sindicato dos Policias de Pernambuco (Sinpol), o acusado pulou o muro e arrombou a porta de tr\u00e1s. Os policiais s\u00f3 tomaram conhecimento do fato, quando chegaram para trabalhar na manh\u00e3 desta segunda-feira (16). N\u00e3o se sabe que cometeu o crime. A delegacia n\u00e3o tem c\u00e2meras de seguran\u00e7a, e foi instaurado inqu\u00e9rito para apurar o caso.<\/div>\n","protected":false},"excerpt":{"rendered":"<p>Foto: Reprodu\u00e7\u00e3o\/TV Asa Branca A 1\u00aa Delegacia de Pol\u00edcia Civil de Garanhuns, foi invadida por bandidos, que furtaram uma metralhadora&hellip;<\/p>\n","protected":false},"author":1,"featured_media":0,"comment_status":"open","ping_status":"open","sticky":false,"template":"","format":"standard","meta":{"footnotes":""},"categories":[1],"tags":[2,9697,3782,3119,13,9698],"class_list":["post-7048","post","type-post","status-publish","format-standard","hentry","category-sem-categoria","tag-blog-do-edvaldo-magalhaes","tag-delegacia-e-arrombada-e-armas-furtadas-em-pernambuco","tag-garanhuns","tag-policia-civil","tag-policial","tag-sinpol"],"_links":{"self":[{"href":"https:\/\/blogdoedvaldomagalhaes.com.br\/index.php\/wp-json\/wp\/v2\/posts\/7048","targetHints":{"allow":["GET"]}}],"collection":[{"href":"https:\/\/blogdoedvaldomagalhaes.com.br\/index.php\/wp-json\/wp\/v2\/posts"}],"about":[{"href":"https:\/\/blogdoedvaldomagalhaes.com.br\/index.php\/wp-json\/wp\/v2\/types\/post"}],"author":[{"embeddable":true,"href":"https:\/\/blogdoedvaldomagalhaes.com.br\/index.php\/wp-json\/wp\/v2\/users\/1"}],"replies":[{"embeddable":true,"href":"https:\/\/blogdoedvaldomagalhaes.com.br\/index.php\/wp-json\/wp\/v2\/comments?post=7048"}],"version-history":[{"count":1,"href":"https:\/\/blogdoedvaldomagalhaes.com.br\/index.php\/wp-json\/wp\/v2\/posts\/7048\/revisions"}],"predecessor-version":[{"id":16051,"href":"https:\/\/blogdoedvaldomagalhaes.com.br\/index.php\/wp-json\/wp\/v2\/posts\/7048\/revisions\/16051"}],"wp:attachment":[{"href":"https:\/\/blogdoedvaldomagalhaes.com.br\/index.php\/wp-json\/wp\/v2\/media?parent=7048"}],"wp:term":[{"taxonomy":"category","embeddable":true,"href":"https:\/\/blogdoedvaldomagalhaes.com.br\/index.php\/wp-json\/wp\/v2\/categories?post=7048"},{"taxonomy":"post_tag","embeddable":true,"href":"https:\/\/blogdoedvaldomagalhaes.com.br\/index.php\/wp-json\/wp\/v2\/tags?post=7048"}],"curies":[{"name":"wp","href":"https:\/\/api.w.org\/{rel}","templated":true}]}}