{"id":7047,"date":"2017-01-16T17:53:00","date_gmt":"2017-01-16T19:53:00","guid":{"rendered":"http:\/\/blogdoedvaldomagalhaes.com.br\/index.php\/2017\/01\/16\/plenaria-do-pt-em-caruaru-critica-forma\/"},"modified":"2019-02-09T01:13:55","modified_gmt":"2019-02-09T03:13:55","slug":"plenaria-do-pt-em-caruaru-critica-forma","status":"publish","type":"post","link":"https:\/\/blogdoedvaldomagalhaes.com.br\/index.php\/2017\/01\/16\/plenaria-do-pt-em-caruaru-critica-forma\/","title":{"rendered":"Plen\u00e1ria do PT em Caruaru critica \u00e0 forma como o partido vem sendo conduzido em n\u00edvel nacional"},"content":{"rendered":"<div class=\"separator\" style=\"clear: both; text-align: center;\">\n<a href=\"https:\/\/2.bp.blogspot.com\/-MdkBKzTbQ90\/WH0HjgiQtCI\/AAAAAAAANh8\/p1W0spIyN3YkZAf_uVM-FSWGa5ky9lQIwCLcB\/s1600\/pt%2B1.jpg\" imageanchor=\"1\" style=\"margin-left: 1em; margin-right: 1em;\"><img loading=\"lazy\" decoding=\"async\" border=\"0\" height=\"262\" src=\"http:\/\/blogdoedvaldomagalhaes.com.br\/wp-content\/uploads\/2017\/01\/pt1.jpg\" width=\"400\" \/><\/a><\/div>\n<div class=\"separator\" style=\"clear: both; text-align: center;\">\n<\/div>\n<div style=\"background-color: white; border: 0px; margin-bottom: 1.5em; outline: 0px; padding: 0px; text-align: justify; vertical-align: baseline;\">\nO PT de Pernambuco, realizou a s\u00e9tima plen\u00e1ria regional na tarde deste domingo (15) na C\u00e2mara Municipal de Caruaru. O encontro foi bastante prestigiado e contou com a participa\u00e7\u00e3o de dirigentes e lideran\u00e7as estaduais, vereadores e o prefeito eleito de Tacaimb\u00f3, \u00c1lvaro Feitosa, al\u00e9m de dirigentes e representantes do partido em 18 munic\u00edpios da regi\u00e3o agreste central e setentrional de Pernambuco.<\/div>\n<div style=\"background-color: white; border: 0px; margin-bottom: 1.5em; outline: 0px; padding: 0px; text-align: justify; vertical-align: baseline;\">\nNomes como a deputada Teresa Leit\u00e3o, o presidente estadual do partido, Bruno Ribeiro, o ex-prefeito do Recife, Jo\u00e3o Paulo, o ex-deputado federal Fernando Ferro e a vereadora recifense, Mar\u00edlia Arraes, estiveram no encontro. Mar\u00edlia \u00e9 cotada para ser a candidata do PT ao governo de Pernambuco em 2018.<\/div>\n<div class=\"separator\" style=\"clear: both; text-align: center;\">\n<a href=\"https:\/\/3.bp.blogspot.com\/-QazuOtgC-Tw\/WH0HuoxQ-SI\/AAAAAAAANiA\/f7dMKsXFHtMf2eUWd7w95aPzOQFAIke0wCLcB\/s1600\/pt%2B2.jpg\" imageanchor=\"1\" style=\"margin-left: 1em; margin-right: 1em;\"><img loading=\"lazy\" decoding=\"async\" border=\"0\" height=\"300\" src=\"http:\/\/blogdoedvaldomagalhaes.com.br\/wp-content\/uploads\/2017\/01\/pt2.jpg\" width=\"400\" \/><\/a><\/div>\n<div style=\"background-color: white; border: 0px; margin-bottom: 1.5em; outline: 0px; padding: 0px; text-align: justify; vertical-align: baseline;\">\n<\/div>\n<div style=\"background-color: white; border: 0px; margin-bottom: 1.5em; outline: 0px; padding: 0px; text-align: justify; vertical-align: baseline;\">\n\u201cCom o plen\u00e1rio e as galerias lotadas, a C\u00e2mara Municipal de Caruaru foi palco de um debate franco e objetivo, no qual n\u00e3o faltaram cr\u00edticas \u00e0 forma como o Partido dos Trabalhadores vem sendo conduzido em n\u00edvel nacional, sendo proposta a urgente mudan\u00e7a de rumo para a reconstru\u00e7\u00e3o e o fortalecimento partid\u00e1rio\u201d, disse o presidente da sigla em Caruaru, Adilson Lira.&nbsp;<\/div>\n<div style=\"background-color: white; border: 0px; margin-bottom: 1.5em; outline: 0px; padding: 0px; text-align: justify; vertical-align: baseline;\">\nDurante o encontro as dire\u00e7\u00f5es estadual e municipais foram alvos de cr\u00edticas, principalmente quanto \u00e0 falta de forma\u00e7\u00e3o pol\u00edtica para os filiados e de di\u00e1logo com as bases e movimentos sociais. No entanto, as reclama\u00e7\u00f5es contra o presidente Michel Temer ecoaram no evento, que ainda citou o nome do ex-presidente Lula como poss\u00edvel candidato \u00e0 presid\u00eancia pelo PT em 2018.<\/div>\n<div class=\"separator\" style=\"clear: both; text-align: center;\">\n<a href=\"https:\/\/2.bp.blogspot.com\/-OaEMhJGVo1c\/WH0Hz1-yK-I\/AAAAAAAANiE\/v2Zlmkj0V7UZHZVVv2BBJA3VsYvPiuyrQCLcB\/s1600\/pt%2B3.jpg\" imageanchor=\"1\" style=\"margin-left: 1em; margin-right: 1em;\"><img loading=\"lazy\" decoding=\"async\" border=\"0\" height=\"300\" src=\"http:\/\/blogdoedvaldomagalhaes.com.br\/wp-content\/uploads\/2017\/01\/pt3.jpg\" width=\"400\" \/><\/a><\/div>\n<div style=\"background-color: white; border: 0px; margin-bottom: 1.5em; outline: 0px; padding: 0px; text-align: justify; vertical-align: baseline;\">\n<\/div>\n<div style=\"background-color: white; border: 0px; margin-bottom: 1.5em; outline: 0px; padding: 0px; vertical-align: baseline;\">\n<\/div>\n<div style=\"text-align: justify;\">\nOs 18 munic\u00edpios que enviaram representantes para essa plen\u00e1ria foram os seguintes:<\/div>\n<div style=\"text-align: justify;\">\n1- Agrestina; 2- Bezerros; 3- Bom Jardim; 4- Bonito; 5- Brejo da Madre de Deus; 6- Caruaru; 7- Cumar\u00fa; 8- Gravat\u00e1; 9- Jo\u00e3o Alfredo; 10- Limoeiro; 11- Orob\u00f3; 12- Passira; 13- Riacho das Almas; 14- Santa Cruz do Capibaribe; 15- S\u00e3o Caetano; 16- Tacaimb\u00f3; 17- Toritama; 18- Vertente do L\u00e9rio.<\/div>\n","protected":false},"excerpt":{"rendered":"<p>O PT de Pernambuco, realizou a s\u00e9tima plen\u00e1ria regional na tarde deste domingo (15) na C\u00e2mara Municipal de Caruaru. O&hellip;<\/p>\n","protected":false},"author":1,"featured_media":0,"comment_status":"open","ping_status":"open","sticky":false,"template":"","format":"standard","meta":{"footnotes":""},"categories":[1],"tags":[2,9696,20],"class_list":["post-7047","post","type-post","status-publish","format-standard","hentry","category-sem-categoria","tag-blog-do-edvaldo-magalhaes","tag-plenaria-do-pt-em-caruaru-critica-a-forma-como-o-partido-vem-sendo-conduzido-em-nivel-nacional","tag-politica"],"_links":{"self":[{"href":"https:\/\/blogdoedvaldomagalhaes.com.br\/index.php\/wp-json\/wp\/v2\/posts\/7047","targetHints":{"allow":["GET"]}}],"collection":[{"href":"https:\/\/blogdoedvaldomagalhaes.com.br\/index.php\/wp-json\/wp\/v2\/posts"}],"about":[{"href":"https:\/\/blogdoedvaldomagalhaes.com.br\/index.php\/wp-json\/wp\/v2\/types\/post"}],"author":[{"embeddable":true,"href":"https:\/\/blogdoedvaldomagalhaes.com.br\/index.php\/wp-json\/wp\/v2\/users\/1"}],"replies":[{"embeddable":true,"href":"https:\/\/blogdoedvaldomagalhaes.com.br\/index.php\/wp-json\/wp\/v2\/comments?post=7047"}],"version-history":[{"count":1,"href":"https:\/\/blogdoedvaldomagalhaes.com.br\/index.php\/wp-json\/wp\/v2\/posts\/7047\/revisions"}],"predecessor-version":[{"id":16055,"href":"https:\/\/blogdoedvaldomagalhaes.com.br\/index.php\/wp-json\/wp\/v2\/posts\/7047\/revisions\/16055"}],"wp:attachment":[{"href":"https:\/\/blogdoedvaldomagalhaes.com.br\/index.php\/wp-json\/wp\/v2\/media?parent=7047"}],"wp:term":[{"taxonomy":"category","embeddable":true,"href":"https:\/\/blogdoedvaldomagalhaes.com.br\/index.php\/wp-json\/wp\/v2\/categories?post=7047"},{"taxonomy":"post_tag","embeddable":true,"href":"https:\/\/blogdoedvaldomagalhaes.com.br\/index.php\/wp-json\/wp\/v2\/tags?post=7047"}],"curies":[{"name":"wp","href":"https:\/\/api.w.org\/{rel}","templated":true}]}}