{"id":7046,"date":"2017-01-16T22:08:00","date_gmt":"2017-01-17T00:08:00","guid":{"rendered":"http:\/\/blogdoedvaldomagalhaes.com.br\/index.php\/2017\/01\/16\/confira-escala-de-arbitros-para-5\/"},"modified":"2019-02-09T01:13:56","modified_gmt":"2019-02-09T03:13:56","slug":"confira-escala-de-arbitros-para-5","status":"publish","type":"post","link":"https:\/\/blogdoedvaldomagalhaes.com.br\/index.php\/2017\/01\/16\/confira-escala-de-arbitros-para-5\/","title":{"rendered":"Confira a escala de \u00e1rbitros para a 5\u00aa rodada do Pernambucano A1"},"content":{"rendered":"<div class=\"separator\" style=\"clear: both; text-align: center;\">\n<a href=\"https:\/\/1.bp.blogspot.com\/-BbbAGsvcd-U\/WH1Dwg5CyAI\/AAAAAAAANiY\/zWirmTSg7fcgV9sTALvjDMZr6vnAT36rQCLcB\/s1600\/arbitros.jpg\" imageanchor=\"1\" style=\"margin-left: 1em; margin-right: 1em;\"><img loading=\"lazy\" decoding=\"async\" border=\"0\" height=\"266\" src=\"http:\/\/blogdoedvaldomagalhaes.com.br\/wp-content\/uploads\/2017\/01\/arbitros.jpg\" width=\"400\" \/><\/a><\/div>\n<div class=\"separator\" style=\"clear: both; text-align: center;\">\nFotoilustrativa<\/div>\n<div style=\"text-align: justify;\">\n<\/div>\n<div style=\"text-align: justify;\">\nA Federa\u00e7\u00e3o Pernambucana de Futebol (FPF) escalou os \u00e1rbitros que ir\u00e3o trabalhar na 5\u00aa rodada do Campeonato Pernambucano S\u00e9rei A1, nesta quarta-feira (18), veja abaixo:<\/div>\n<div style=\"text-align: justify;\">\n<\/div>\n<div style=\"text-align: justify;\">\n<b>Am\u00e9rica x Salgueiro<\/b><\/div>\n<div style=\"text-align: justify;\">\n<\/div>\n<div style=\"text-align: justify;\">\n\u00c1rbitro: Gleydson Leite<\/div>\n<div style=\"text-align: justify;\">\n<\/div>\n<div style=\"text-align: justify;\">\n\u00c1rbitro Assistente n\u00ba1: Albert J\u00fanior<\/div>\n<div style=\"text-align: justify;\">\n<\/div>\n<div style=\"text-align: justify;\">\n\u00c1rbitro Assistente n\u00ba 2: Bruno Vieira<\/div>\n<div style=\"text-align: justify;\">\n<\/div>\n<div style=\"text-align: justify;\">\n4\u00ba \u00c1rbitro:<b> <\/b>Deborah Cec\u00edlia<\/div>\n<div style=\"text-align: justify;\">\n<\/div>\n<div style=\"text-align: justify;\">\n<b>Serra Talhada x Central<\/b><\/div>\n<div style=\"text-align: justify;\">\n<\/div>\n<div style=\"text-align: justify;\">\n\u00c1rbitro<b>:<\/b> Nielson Nogueira Dias<\/div>\n<div style=\"text-align: justify;\">\n<\/div>\n<div style=\"text-align: justify;\">\n\u00c1rbitro Assistente n\u00ba1: Francisco Chaves<\/div>\n<div style=\"text-align: justify;\">\n<\/div>\n<div style=\"text-align: justify;\">\n\u00c1rbitro Assistente n\u00ba 2: Gilberto Freire<\/div>\n<div style=\"text-align: justify;\">\n<\/div>\n<div style=\"text-align: justify;\">\n4\u00ba \u00c1rbitro: Jos\u00e9 Woshington<\/div>\n<div style=\"text-align: justify;\">\n<\/div>\n<div style=\"text-align: justify;\">\n<b>Belo Jardim x Afogados da Ingazeira<\/b><\/div>\n<div style=\"text-align: justify;\">\n<\/div>\n<div style=\"text-align: justify;\">\n\u00c1rbitro: Emerson Sobral<\/div>\n<div style=\"text-align: justify;\">\n<\/div>\n<div style=\"text-align: justify;\">\n\u00c1rbitro Assistente n\u00ba1: Cl\u00f3vis Amaral<\/div>\n<div style=\"text-align: justify;\">\n<\/div>\n<div style=\"text-align: justify;\">\n\u00c1rbitro Assistente n\u00ba 2: Ricardo Chianca<\/div>\n<div style=\"text-align: justify;\">\n<\/div>\n<div style=\"text-align: justify;\">\n4\u00ba \u00c1rbitro: Luiz Sobral<\/div>\n<div style=\"text-align: justify;\">\n<\/div>\n<div style=\"text-align: justify;\">\n<b>Atl\u00e9tico-PE x Vit\u00f3ria<\/b><\/div>\n<div style=\"text-align: justify;\">\n<\/div>\n<div style=\"text-align: justify;\">\n\u00c1rbitro: Gilberto Castro J\u00fanior<\/div>\n<div style=\"text-align: justify;\">\n<\/div>\n<div style=\"text-align: justify;\">\n\u00c1rbitro Assistente n\u00ba1: Charles Rosas<\/div>\n<div style=\"text-align: justify;\">\n<\/div>\n<div style=\"text-align: justify;\">\n\u00c1rbitro Assistente n\u00ba 2: Cleberson Nascimento<\/div>\n<div style=\"text-align: justify;\">\n<\/div>\n<div style=\"text-align: justify;\">\n4\u00ba \u00c1rbitro: Tiago Nascimento<\/div>\n<p><\/p>\n","protected":false},"excerpt":{"rendered":"<p>Fotoilustrativa A Federa\u00e7\u00e3o Pernambucana de Futebol (FPF) escalou os \u00e1rbitros que ir\u00e3o trabalhar na 5\u00aa rodada do Campeonato Pernambucano S\u00e9rei&hellip;<\/p>\n","protected":false},"author":1,"featured_media":0,"comment_status":"open","ping_status":"open","sticky":false,"template":"","format":"standard","meta":{"footnotes":""},"categories":[1],"tags":[6653,9592,4699,2,3335,9695,3,3337,3630],"class_list":["post-7046","post","type-post","status-publish","format-standard","hentry","category-sem-categoria","tag-afogados-da-ingazeira","tag-america-pe","tag-belo-jardim","tag-blog-do-edvaldo-magalhaes","tag-central","tag-confira-a-escala-de-arbitros-para-a-5a-rodada-do-pernambucano-a1","tag-futebol","tag-salgueiro","tag-serra-talhada"],"_links":{"self":[{"href":"https:\/\/blogdoedvaldomagalhaes.com.br\/index.php\/wp-json\/wp\/v2\/posts\/7046","targetHints":{"allow":["GET"]}}],"collection":[{"href":"https:\/\/blogdoedvaldomagalhaes.com.br\/index.php\/wp-json\/wp\/v2\/posts"}],"about":[{"href":"https:\/\/blogdoedvaldomagalhaes.com.br\/index.php\/wp-json\/wp\/v2\/types\/post"}],"author":[{"embeddable":true,"href":"https:\/\/blogdoedvaldomagalhaes.com.br\/index.php\/wp-json\/wp\/v2\/users\/1"}],"replies":[{"embeddable":true,"href":"https:\/\/blogdoedvaldomagalhaes.com.br\/index.php\/wp-json\/wp\/v2\/comments?post=7046"}],"version-history":[{"count":1,"href":"https:\/\/blogdoedvaldomagalhaes.com.br\/index.php\/wp-json\/wp\/v2\/posts\/7046\/revisions"}],"predecessor-version":[{"id":16057,"href":"https:\/\/blogdoedvaldomagalhaes.com.br\/index.php\/wp-json\/wp\/v2\/posts\/7046\/revisions\/16057"}],"wp:attachment":[{"href":"https:\/\/blogdoedvaldomagalhaes.com.br\/index.php\/wp-json\/wp\/v2\/media?parent=7046"}],"wp:term":[{"taxonomy":"category","embeddable":true,"href":"https:\/\/blogdoedvaldomagalhaes.com.br\/index.php\/wp-json\/wp\/v2\/categories?post=7046"},{"taxonomy":"post_tag","embeddable":true,"href":"https:\/\/blogdoedvaldomagalhaes.com.br\/index.php\/wp-json\/wp\/v2\/tags?post=7046"}],"curies":[{"name":"wp","href":"https:\/\/api.w.org\/{rel}","templated":true}]}}