{"id":7040,"date":"2017-01-17T17:42:00","date_gmt":"2017-01-17T19:42:00","guid":{"rendered":"http:\/\/blogdoedvaldomagalhaes.com.br\/index.php\/2017\/01\/17\/inscricoes-para-escola-tecnica-estadua\/"},"modified":"2019-02-09T01:13:57","modified_gmt":"2019-02-09T03:13:57","slug":"inscricoes-para-escola-tecnica-estadua","status":"publish","type":"post","link":"https:\/\/blogdoedvaldomagalhaes.com.br\/index.php\/2017\/01\/17\/inscricoes-para-escola-tecnica-estadua\/","title":{"rendered":"Inscri\u00e7\u00f5es para Escola T\u00e9cnica Estadual de Caruaru se encerram quinta-feira (19)"},"content":{"rendered":"<div class=\"separator\" style=\"clear: both; text-align: center;\">\n<a href=\"https:\/\/2.bp.blogspot.com\/-BEJCEtKHf2Q\/WH5W_zqIwTI\/AAAAAAAANnA\/FRqc-DowRAc24MQG_BdHLbmBoUElKi69ACLcB\/s1600\/ete.jpg\" imageanchor=\"1\" style=\"margin-left: 1em; margin-right: 1em;\"><img loading=\"lazy\" decoding=\"async\" border=\"0\" height=\"307\" src=\"http:\/\/blogdoedvaldomagalhaes.com.br\/wp-content\/uploads\/2017\/01\/ete.jpg\" width=\"400\" \/><\/a><\/div>\n<div style=\"background-color: white; border: 0px; margin-bottom: 1.5em; outline: 0px; padding: 0px; text-align: justify; vertical-align: baseline;\">\nOs cursos t\u00e9cnicos profissionalizantes na Escola T\u00e9cnica Estadual (ETE) Ministro Fernando Lyra, em Caruaru, est\u00e3o com inscri\u00e7\u00f5es&nbsp;abertas at\u00e9 quinta-feira (19) para o processo seletivo para preenchimento de 180 vagas, que&nbsp;s\u00e3o destinadas para os cursos de Desenvolvimento de Sistemas (90 vagas) e Marketing (90 vagas), no modo m\u00e9dio-integrado (quando o aluno cursa o ensino m\u00e9dio e t\u00e9cnico juntos). As inscri\u00e7\u00f5es gratuitas podem ser feitas pelo site da Secretaria Estadual de Educa\u00e7\u00e3o (www.educacao.pe.gov.br).<\/div>\n<div style=\"background-color: white; border: 0px; margin-bottom: 1.5em; outline: 0px; padding: 0px; text-align: justify; vertical-align: baseline;\">\nPara participar, os candidatos dever\u00e3o ter conclu\u00eddo o Ensino Fundamental e ter idade m\u00e1xima de 17 anos no ato da matr\u00edcula. As provas ser\u00e3o realizadas entre os dias 23 a 26 de janeiro, diretamente na Secretaria da ETE com a documenta\u00e7\u00e3o solicitada pelo edital. O resultado est\u00e1 previsto para ser divulgado no dia 03 de fevereiro, e a matr\u00edcula a partir do dia 13, na pr\u00f3pria escola. Para saber mais, acesse o edital no site da Secretaria Estadual de Educa\u00e7\u00e3o.<\/div>\n","protected":false},"excerpt":{"rendered":"<p>Os cursos t\u00e9cnicos profissionalizantes na Escola T\u00e9cnica Estadual (ETE) Ministro Fernando Lyra, em Caruaru, est\u00e3o com inscri\u00e7\u00f5es&nbsp;abertas at\u00e9 quinta-feira (19)&hellip;<\/p>\n","protected":false},"author":1,"featured_media":0,"comment_status":"open","ping_status":"open","sticky":false,"template":"","format":"standard","meta":{"footnotes":""},"categories":[1],"tags":[2,9683,9684,9685,6,9686],"class_list":["post-7040","post","type-post","status-publish","format-standard","hentry","category-sem-categoria","tag-blog-do-edvaldo-magalhaes","tag-desenvolvimento-de-sistemas","tag-inscricoes-para-escola-tecnica-estadual-de-caruaru-se-encerram-quinta-feira-19","tag-marketing","tag-noticias","tag-secretaria-da-ete"],"_links":{"self":[{"href":"https:\/\/blogdoedvaldomagalhaes.com.br\/index.php\/wp-json\/wp\/v2\/posts\/7040","targetHints":{"allow":["GET"]}}],"collection":[{"href":"https:\/\/blogdoedvaldomagalhaes.com.br\/index.php\/wp-json\/wp\/v2\/posts"}],"about":[{"href":"https:\/\/blogdoedvaldomagalhaes.com.br\/index.php\/wp-json\/wp\/v2\/types\/post"}],"author":[{"embeddable":true,"href":"https:\/\/blogdoedvaldomagalhaes.com.br\/index.php\/wp-json\/wp\/v2\/users\/1"}],"replies":[{"embeddable":true,"href":"https:\/\/blogdoedvaldomagalhaes.com.br\/index.php\/wp-json\/wp\/v2\/comments?post=7040"}],"version-history":[{"count":1,"href":"https:\/\/blogdoedvaldomagalhaes.com.br\/index.php\/wp-json\/wp\/v2\/posts\/7040\/revisions"}],"predecessor-version":[{"id":16070,"href":"https:\/\/blogdoedvaldomagalhaes.com.br\/index.php\/wp-json\/wp\/v2\/posts\/7040\/revisions\/16070"}],"wp:attachment":[{"href":"https:\/\/blogdoedvaldomagalhaes.com.br\/index.php\/wp-json\/wp\/v2\/media?parent=7040"}],"wp:term":[{"taxonomy":"category","embeddable":true,"href":"https:\/\/blogdoedvaldomagalhaes.com.br\/index.php\/wp-json\/wp\/v2\/categories?post=7040"},{"taxonomy":"post_tag","embeddable":true,"href":"https:\/\/blogdoedvaldomagalhaes.com.br\/index.php\/wp-json\/wp\/v2\/tags?post=7040"}],"curies":[{"name":"wp","href":"https:\/\/api.w.org\/{rel}","templated":true}]}}