{"id":704,"date":"2018-11-14T21:31:00","date_gmt":"2018-11-14T23:31:00","guid":{"rendered":"http:\/\/blogdoedvaldomagalhaes.com.br\/index.php\/2018\/11\/14\/operacao-praia-livre-e-realizada-pelo\/"},"modified":"2019-02-09T02:39:45","modified_gmt":"2019-02-09T04:39:45","slug":"operacao-praia-livre-e-realizada-pelo","status":"publish","type":"post","link":"https:\/\/blogdoedvaldomagalhaes.com.br\/index.php\/2018\/11\/14\/operacao-praia-livre-e-realizada-pelo\/","title":{"rendered":"Opera\u00e7\u00e3o Praia Livre \u00e9 realizada pelo BPRv no litoral de Pernambuco"},"content":{"rendered":"<div class=\"separator\" style=\"clear: both; text-align: center;\">\n<a href=\"https:\/\/3.bp.blogspot.com\/-64IK3vf5mgM\/W-yTpuKrqoI\/AAAAAAAA9mw\/L_7QKf2dw-sdwv4gWod-U_OArV0ldFuuQCLcBGAs\/s1600\/IMG-20181114-WA0135.jpg\" imageanchor=\"1\" style=\"margin-left: 1em; margin-right: 1em;\"><img loading=\"lazy\" decoding=\"async\" border=\"0\" data-original-height=\"585\" data-original-width=\"1040\" height=\"360\" src=\"http:\/\/blogdoedvaldomagalhaes.com.br\/wp-content\/uploads\/2018\/11\/IMG-20181114-WA0135.jpg\" width=\"640\" \/><\/a><\/div>\n<div class=\"separator\" style=\"clear: both; text-align: center;\">\nFoto: Divulga\u00e7\u00e3o<\/div>\n<p><\/p>\n<div style=\"text-align: justify;\">\nFeriado prolongado pra muita gente \u00e9 sin\u00f4nimo de muita festa ou muito descanso, mas para a Pol\u00edcia Militar \u00e9 de trabalho dobrado. E o Batalh\u00e3o de Pol\u00edcia Rodovi\u00e1ria (BPRv) come\u00e7a essa jornada extraordin\u00e1ria j\u00e1 na noite desta quarta-feira (14), quando acontece a grava\u00e7\u00e3o do Show da Virada, da TV Globo, no Classic Hall. Ser\u00e3o cinco Patrulhas Rodovi\u00e1rias em a\u00e7\u00e3o para garantir a fluidez do tr\u00e1fego e evitar forma\u00e7\u00e3o de faixa dupla na \u00e1rea da casa de shows.<\/div>\n<div style=\"text-align: justify;\">\n<\/div>\n<div style=\"text-align: justify;\">\nA partir desta quinta-feira (15), o Batalh\u00e3o segue com 100 por cento de seu efetivo em a\u00e7\u00e3o, com a Opera\u00e7\u00e3o Praia Livre,&nbsp; que vai agilizar a circula\u00e7\u00e3o de carros e impedir assaltos, no litoral, com destaque para os acessos a Itamarac\u00e1 e Ponta de Pedras, ao Norte, e da regi\u00e3o de Suape e Porto de Galinhas, ao Sul. Uma parceria com o DER tamb\u00e9m vai facilitar a vida dos pedestres, com pontos especiais para travessias das vias, evitando atropelamentos. Esse trabalho seguir\u00e1 at\u00e9 o domingo, quando ser\u00e1 montada uma opera\u00e7\u00e3o ainda maior, para garantir tranquilidade no retorno para casa.<\/div>\n<div style=\"text-align: justify;\">\n<\/div>\n<div style=\"text-align: justify;\">\nEventos musicais, que atraem grande n\u00famero de jovens, tamb\u00e9m receber\u00e3o tratamento especial do BPRv, como a Abertura do Ver\u00e3o, de Tamandar\u00e9, shows em S\u00e3o Jos\u00e9 da Coroa Grande e o Palmares&nbsp; Fest. Para o comandante do Batalh\u00e3o, tenente coronel Reginaldo Filho, al\u00e9m do trabalho de sua equipe, \u00e9 fundamental a conscientiza\u00e7\u00e3o dos motoristas para garantir um feriad\u00e3o tranquilo nas estradas. \u201cPe\u00e7o que todos observem as condi\u00e7\u00f5es do ve\u00edculo, como calibragem dos pneus e n\u00edvel do \u00f3leo, checar a documenta\u00e7\u00e3o, cobrar uso do cinto de seguran\u00e7a dos passageiros do banco de tr\u00e1s e, principalmente, n\u00e3o dirigir sob efeito de \u00e1lcool. S\u00f3 assim podemos evitar situa\u00e7\u00f5es como a da semana passada, quando sete pessoas ficaram feridas em um s\u00f3 ve\u00edculo, em Sirinha\u00e9m\u201d, comentou o oficial, resumindo seu objetivo: \u201cVamos brigar por um fim de semana sem mortes nas nossas estradas\u201d.<\/p>\n<\/div>\n","protected":false},"excerpt":{"rendered":"<p>Foto: Divulga\u00e7\u00e3o Feriado prolongado pra muita gente \u00e9 sin\u00f4nimo de muita festa ou muito descanso, mas para a Pol\u00edcia Militar&hellip;<\/p>\n","protected":false},"author":1,"featured_media":0,"comment_status":"open","ping_status":"open","sticky":false,"template":"","format":"standard","meta":{"footnotes":""},"categories":[1],"tags":[2,643,13],"class_list":["post-704","post","type-post","status-publish","format-standard","hentry","category-sem-categoria","tag-blog-do-edvaldo-magalhaes","tag-operacao-praia-livre-e-realizada-pelo-bprv-no-litoral-de-pernambuco","tag-policial"],"_links":{"self":[{"href":"https:\/\/blogdoedvaldomagalhaes.com.br\/index.php\/wp-json\/wp\/v2\/posts\/704","targetHints":{"allow":["GET"]}}],"collection":[{"href":"https:\/\/blogdoedvaldomagalhaes.com.br\/index.php\/wp-json\/wp\/v2\/posts"}],"about":[{"href":"https:\/\/blogdoedvaldomagalhaes.com.br\/index.php\/wp-json\/wp\/v2\/types\/post"}],"author":[{"embeddable":true,"href":"https:\/\/blogdoedvaldomagalhaes.com.br\/index.php\/wp-json\/wp\/v2\/users\/1"}],"replies":[{"embeddable":true,"href":"https:\/\/blogdoedvaldomagalhaes.com.br\/index.php\/wp-json\/wp\/v2\/comments?post=704"}],"version-history":[{"count":1,"href":"https:\/\/blogdoedvaldomagalhaes.com.br\/index.php\/wp-json\/wp\/v2\/posts\/704\/revisions"}],"predecessor-version":[{"id":35848,"href":"https:\/\/blogdoedvaldomagalhaes.com.br\/index.php\/wp-json\/wp\/v2\/posts\/704\/revisions\/35848"}],"wp:attachment":[{"href":"https:\/\/blogdoedvaldomagalhaes.com.br\/index.php\/wp-json\/wp\/v2\/media?parent=704"}],"wp:term":[{"taxonomy":"category","embeddable":true,"href":"https:\/\/blogdoedvaldomagalhaes.com.br\/index.php\/wp-json\/wp\/v2\/categories?post=704"},{"taxonomy":"post_tag","embeddable":true,"href":"https:\/\/blogdoedvaldomagalhaes.com.br\/index.php\/wp-json\/wp\/v2\/tags?post=704"}],"curies":[{"name":"wp","href":"https:\/\/api.w.org\/{rel}","templated":true}]}}