{"id":70389,"date":"2021-05-29T11:25:48","date_gmt":"2021-05-29T14:25:48","guid":{"rendered":"https:\/\/blogdoedvaldomagalhaes.com.br\/?p=70389"},"modified":"2021-05-29T12:41:25","modified_gmt":"2021-05-29T15:41:25","slug":"prf-recolhe-cerca-de-200-veiculos-irregulares-durante-operacao-maio-amarelo-no-agreste-pe","status":"publish","type":"post","link":"https:\/\/blogdoedvaldomagalhaes.com.br\/index.php\/2021\/05\/29\/prf-recolhe-cerca-de-200-veiculos-irregulares-durante-operacao-maio-amarelo-no-agreste-pe\/","title":{"rendered":"PRF recolhe cerca de 200 ve\u00edculos irregulares durante Opera\u00e7\u00e3o Maio Amarelo no Agreste-PE"},"content":{"rendered":"<p style=\"text-align: justify;\">A Pol\u00edcia Rodovi\u00e1ria Federal (PRF) intensificou a fiscaliza\u00e7\u00e3o de tr\u00e2nsito e as a\u00e7\u00f5es de combate ao crime durante a Opera\u00e7\u00e3o Maio Amarelo 2021, que ocorreu de forma integrada entre os \u00f3rg\u00e3os de seguran\u00e7a p\u00fablica nas rodovias que cortam Pernambuco. Um balan\u00e7o da Delegacia de Caruaru, no Agreste, aponta que entre os dias 01 a 28 de maio foram recolhidos 198 ve\u00edculos por diversas irregularidades.<\/p>\n<p style=\"text-align: justify;\">Nesse per\u00edodo, as equipes fiscalizaram 864 ve\u00edculos e 937 pessoas, registraram 445,7 toneladas de excesso de peso e nove crimes tribut\u00e1rios em conjunto com a Secretaria da Fazenda de Pernambuco (SEFAZ-PE). Ao todo, foram emitidas 1.786 autua\u00e7\u00f5es por diversas infra\u00e7\u00f5es, sendo 108 pelo n\u00e3o uso do cinto de seguran\u00e7a, 90 por ultrapassagens em local proibido, 51 pela falta do capacete, 28 por alcoolemia, 27 pelo uso do celular ao volante, 25 pela aus\u00eancia da cadeirinha, dentre outras.<\/p>\n<p style=\"text-align: justify;\">As a\u00e7\u00f5es de combate ao crime resultaram em nove pessoas detidas por recepta\u00e7\u00e3o de ve\u00edculo roubado, porte ilegal de arma e uso de documento falso. Tamb\u00e9m foram recuperados seis ve\u00edculos com registro de roubo ou furto, apreendidas duas armas e 31 muni\u00e7\u00f5es.<\/p>\n<p style=\"text-align: justify;\">Durante a opera\u00e7\u00e3o, as a\u00e7\u00f5es educativas alcan\u00e7aram 141 pessoas, com orienta\u00e7\u00f5es que buscam salvar vidas no tr\u00e2nsito. Al\u00e9m disso, os policiais prestaram aux\u00edlio a 31 motoristas, que tiveram problemas mec\u00e2nicos ou se envolveram em acidentes sem v\u00edtima.<\/p>\n\n\n<figure class=\"wp-block-image size-large\"><img loading=\"lazy\" decoding=\"async\" width=\"1024\" height=\"584\" src=\"https:\/\/blogdoedvaldomagalhaes.com.br\/wp-content\/uploads\/2021\/05\/IMG-20210529-WA0029-1024x584.jpg\" alt=\"\" class=\"wp-image-70394\" srcset=\"https:\/\/blogdoedvaldomagalhaes.com.br\/wp-content\/uploads\/2021\/05\/IMG-20210529-WA0029-1024x584.jpg 1024w, https:\/\/blogdoedvaldomagalhaes.com.br\/wp-content\/uploads\/2021\/05\/IMG-20210529-WA0029-300x171.jpg 300w, https:\/\/blogdoedvaldomagalhaes.com.br\/wp-content\/uploads\/2021\/05\/IMG-20210529-WA0029-768x438.jpg 768w, https:\/\/blogdoedvaldomagalhaes.com.br\/wp-content\/uploads\/2021\/05\/IMG-20210529-WA0029.jpg 1261w\" sizes=\"auto, (max-width: 1024px) 100vw, 1024px\" \/><figcaption>Fotos: PRF\/Divulga\u00e7\u00e3o<\/figcaption><\/figure>\n","protected":false},"excerpt":{"rendered":"<p>A Pol\u00edcia Rodovi\u00e1ria Federal (PRF) intensificou a fiscaliza\u00e7\u00e3o de tr\u00e2nsito e as a\u00e7\u00f5es de combate ao crime durante a Opera\u00e7\u00e3o&hellip;<\/p>\n","protected":false},"author":1,"featured_media":70390,"comment_status":"open","ping_status":"open","sticky":false,"template":"","format":"standard","meta":{"footnotes":""},"categories":[14121],"tags":[2,19532,1950,21759],"class_list":["post-70389","post","type-post","status-publish","format-standard","has-post-thumbnail","hentry","category-policial","tag-blog-do-edvaldo-magalhaes","tag-blog-mais-acessado-e-visualizado-de-caruaru-e-regiao","tag-noticias-de-caruaru","tag-prf-recolhe-cerca-de-200-veiculos-irregulares-durante-operacao-maio-amarelo-no-agreste-pe"],"_links":{"self":[{"href":"https:\/\/blogdoedvaldomagalhaes.com.br\/index.php\/wp-json\/wp\/v2\/posts\/70389","targetHints":{"allow":["GET"]}}],"collection":[{"href":"https:\/\/blogdoedvaldomagalhaes.com.br\/index.php\/wp-json\/wp\/v2\/posts"}],"about":[{"href":"https:\/\/blogdoedvaldomagalhaes.com.br\/index.php\/wp-json\/wp\/v2\/types\/post"}],"author":[{"embeddable":true,"href":"https:\/\/blogdoedvaldomagalhaes.com.br\/index.php\/wp-json\/wp\/v2\/users\/1"}],"replies":[{"embeddable":true,"href":"https:\/\/blogdoedvaldomagalhaes.com.br\/index.php\/wp-json\/wp\/v2\/comments?post=70389"}],"version-history":[{"count":3,"href":"https:\/\/blogdoedvaldomagalhaes.com.br\/index.php\/wp-json\/wp\/v2\/posts\/70389\/revisions"}],"predecessor-version":[{"id":70395,"href":"https:\/\/blogdoedvaldomagalhaes.com.br\/index.php\/wp-json\/wp\/v2\/posts\/70389\/revisions\/70395"}],"wp:featuredmedia":[{"embeddable":true,"href":"https:\/\/blogdoedvaldomagalhaes.com.br\/index.php\/wp-json\/wp\/v2\/media\/70390"}],"wp:attachment":[{"href":"https:\/\/blogdoedvaldomagalhaes.com.br\/index.php\/wp-json\/wp\/v2\/media?parent=70389"}],"wp:term":[{"taxonomy":"category","embeddable":true,"href":"https:\/\/blogdoedvaldomagalhaes.com.br\/index.php\/wp-json\/wp\/v2\/categories?post=70389"},{"taxonomy":"post_tag","embeddable":true,"href":"https:\/\/blogdoedvaldomagalhaes.com.br\/index.php\/wp-json\/wp\/v2\/tags?post=70389"}],"curies":[{"name":"wp","href":"https:\/\/api.w.org\/{rel}","templated":true}]}}