{"id":70384,"date":"2021-05-28T21:20:50","date_gmt":"2021-05-29T00:20:50","guid":{"rendered":"https:\/\/blogdoedvaldomagalhaes.com.br\/?p=70384"},"modified":"2021-05-28T21:20:52","modified_gmt":"2021-05-29T00:20:52","slug":"governo-de-pernambuco-assegura-que-nao-falta-oxigenio-no-estado","status":"publish","type":"post","link":"https:\/\/blogdoedvaldomagalhaes.com.br\/index.php\/2021\/05\/28\/governo-de-pernambuco-assegura-que-nao-falta-oxigenio-no-estado\/","title":{"rendered":"Governo de Pernambuco assegura que n\u00e3o falta oxig\u00eanio no Estado"},"content":{"rendered":"<p style=\"text-align: justify;\">A Secretaria Estadual de Sa\u00fade (SES-PE) registrou, nesta sexta-feira (28\/05), 736 casos da Covid-19. Entre os confirmados hoje, 153 (21%) s\u00e3o casos de S\u00edndrome Respirat\u00f3ria Aguda Grave (SRAG) e 583 (79%) s\u00e3o leves. A redu\u00e7\u00e3o no registro de casos leves no informe de hoje foi motivada pela instabilidade no sistema do Minist\u00e9rio da Sa\u00fade, durante todo o dia de ontem, que impossibilitou a notifica\u00e7\u00e3o pelos munic\u00edpios.\u00a0 Agora, Pernambuco totaliza 473.326 casos confirmados da doen\u00e7a, sendo 44.225 graves e 429.101 leves, que est\u00e3o distribu\u00eddos por todos os 184 munic\u00edpios pernambucanos, al\u00e9m do arquip\u00e9lago de Fernando de Noronha.<\/p>\n<p>Al\u00e9m disso, o boletim registra um total de 397.631 pacientes recuperados da doen\u00e7a. Destes, 25.667 eram pacientes graves, que necessitaram de internamento hospitalar, e 371.964 eram casos leves.<\/p>\n<p>Tamb\u00e9m foram confirmados laboratorialmente 62 novos \u00f3bitos (38 masculinos e 24 femininos), ocorridos entre os dias 14\/12\/2020 e 27\/05\/2021. As novas mortes s\u00e3o de pessoas residentes dos munic\u00edpios de Afogados da Ingazeira (1), Alian\u00e7a (1), Araripina (1), Arcoverde (1), Belo Jardim (1), Cabo de Santo Agostinho (1), Caet\u00e9s (1), Cal\u00e7ado (1), Caruaru (2), Ch\u00e3 de Alegria (1), Cust\u00f3dia (1), Gameleira (1), Garanhuns (4), Jaboat\u00e3o dos Guararapes (6), Jupi (1), Limoeiro (2), Nazar\u00e9 da Mata (1), Olinda (3), Palmares (1), Petrolina (2), Recife (21), S\u00e3o Caitano (1), S\u00e3o Joaquim do Monte (2), S\u00e3o Jos\u00e9 do Belmonte (1), S\u00e3o Louren\u00e7o da Mata (1), Serra Talhada (1), Timba\u00faba (1) e Vit\u00f3ria de Santo Ant\u00e3o (1). Com isso, o Estado totaliza 15.657 mortes pela doen\u00e7a.<\/p>\n<p>Os pacientes tinham idades entre 26 e 95 anos. As faixas et\u00e1rias s\u00e3o: 20 a 29 (2), 30 a 39 (2), 40 a 49 (6), 50 a 59 (12), 60 a 69 (14), 70 a 79 (12), 80 ou mais (14). Do total, 41 tinham doen\u00e7as preexistentes: doen\u00e7a cardiovascular (21), diabetes (17), hipertens\u00e3o (10), obesidade (10), doen\u00e7a respirat\u00f3ria (4), doen\u00e7a renal (3), doen\u00e7a neurol\u00f3gica (3), hist\u00f3rico de AVC (2), tabagismo (2), doen\u00e7a de Alzheimer (2), doen\u00e7a cromoss\u00f4mica (1), doen\u00e7a autoimune (1), doen\u00e7a reum\u00e1tica (1), hipotireoidismo (1), etilismo (1) e imunossupress\u00e3o (1) &#8211; um paciente pode ter mais de uma comorbidade. Os demais seguem em investiga\u00e7\u00e3o.<\/p>\n<p>Com rela\u00e7\u00e3o \u00e0 testagem dos profissionais de sa\u00fade com sintomas de gripe, em Pernambuco, at\u00e9 agora, 29.527 casos foram confirmados e 51.261 descartados. As testagens entre os trabalhadores do setor abrangem os profissionais de todas as unidades de sa\u00fade, sejam da rede p\u00fablica (estadual e municipal) ou privada. O Governo de Pernambuco foi o primeiro do pa\u00eds a criar um protocolo para testar e afastar os profissionais da \u00e1rea da sa\u00fade com sintomas gripais.<\/p>\n<p><b>OXIG\u00caNIO<\/b>\u00a0\u2013 Em reuni\u00e3o do Comit\u00ea Estadual de Enfrentamento \u00e0 Covid-19, na tarde desta sexta-feira (28.05), o secret\u00e1rio estadual de Sa\u00fade, Andr\u00e9 Longo, voltou a informar que n\u00e3o h\u00e1, em Pernambuco, risco de desabastecimento de oxig\u00eanio hospitalar, nem comprometimento na produ\u00e7\u00e3o do insumo. O gestor estadual lembrou que a principal fornecedora do g\u00e1s no Brasil, que mant\u00e9m contrato de abastecimento para a rede estadual de sa\u00fade, conta com planta industrial no Estado, respons\u00e1vel, inclusive, pelo fornecimento de oxig\u00eanio para outros Estados da Regi\u00e3o Nordeste.<\/p>\n<p>Longo tamb\u00e9m disse que o relato de falta do insumo em cidades do Agreste, como Lajedo e Jo\u00e3o Alfredo, foi motivado por problemas na log\u00edstica dos fornecedores de gases dos munic\u00edpios.<\/p>\n<p>\u201cEu gostaria de deixar bem claro que n\u00e3o h\u00e1 falta de oxig\u00eanio nas 66 unidades de sa\u00fade do Governo de pernambuco, tampouco nas unidades de refer\u00eancia para atendimento dos casos de Covid na rede estadual. O abastecimento desse e de outros insumos para os hospitais estaduais est\u00e1 assegurado pela empresa fornecedora de gases hospitalares para o nosso sistema de sa\u00fade. Temos registrados, sim, casos de munic\u00edpios que, em suas unidades pr\u00f3prias, est\u00e3o tendo dificuldade em repor seus estoques. Muitos desses munic\u00edpios possuem contratos com empresas de pequeno porte que n\u00e3o est\u00e3o conseguindo atender o aumento da demanda\u201d, afirmou.<\/p>\n<p>Diante das informa\u00e7\u00f5es e solicita\u00e7\u00f5es dos munic\u00edpios, motivado tamb\u00e9m pela acelera\u00e7\u00e3o da doen\u00e7a no Agreste do Estado, que tem provocado a satura\u00e7\u00e3o da rede hospitalar da Regi\u00e3o, o Governo de Pernambuco come\u00e7ou a enviar 149 concentradores de oxig\u00eanio para cidades pernambucanas com o objetivo de auxiliar os gestores municipais na qualifica\u00e7\u00e3o da assist\u00eancia \u00e0 Covid-19. Al\u00e9m disso, a Secretaria de Sa\u00fade de Pernambuco est\u00e1 em contato permanente com os gestores municipais, esmiu\u00e7ando a situa\u00e7\u00e3o e procurando solu\u00e7\u00f5es.<\/p>\n<p>\u201cEstamos fazendo um levantamento detalhado da situa\u00e7\u00e3o de cada cidade e j\u00e1 iniciamos o aux\u00edlio dos casos mais graves. Distribuimos concentradores de oxig\u00eanio para 44 prefeituras do interior, solicitamos ao Minist\u00e9rio da Sa\u00fade mais 500 desses equipamentos, al\u00e9m de 1 mil cilindros de oxig\u00eanio, e estamos encontrando formas de ampliar nossos contratos para atender aos pedidos que t\u00eam chegado\u201d, destacou Longo.<\/p>\n<p>O secret\u00e1rio tamb\u00e9m informou que a Central de Regula\u00e7\u00e3o Hospitalar vem atuando para fazer o encaminhamento de pacientes de unidades municipais de menor porte, que relatam dificuldade de abastecimento, para servi\u00e7os de refer\u00eancia da rede estadual, garantindo que nenhum pernambucano fique sem assist\u00eancia.<\/p>\n<p>Longo ainda alertou sobre a necessidade de respeito \u00e0s medidas restritivas vigentes no Estado. \u00a0\u201cVolto a refor\u00e7ar que estamos vivendo uma reacelera\u00e7\u00e3o da doen\u00e7a em nosso estado, principalmente no Agreste, e, neste momento, precisamos do engajamento e conscientiza\u00e7\u00e3o de todos para o cumprimento das medidas restritivas. \u00c9 hora de ficar em casa, de s\u00f3 sair se for realmente necess\u00e1rio. E, se sair, usar m\u00e1scara corretamente. Al\u00e9m de refor\u00e7ar o distanciamento e evitar aglomera\u00e7\u00f5es. O curso da pandemia est\u00e1 em nossas m\u00e3os. Nossas atitudes ser\u00e3o determinantes para o futuro e o controle da pandemia\u201d finalizou.<\/p>\n<p><b>BALAN\u00c7O DA VACINA\u00c7\u00c3O<\/b>\u00a0&#8211; Pernambuco j\u00e1 aplicou 2.679.537 doses da vacina contra a Covid-19, das quais 1.767.945 foram primeiras doses. Ao todo, foram feitas a primeira dose em 274.618 trabalhadores de sa\u00fade; 25.925 povos ind\u00edgenas aldeados; 41.008 em comunidades quilombolas; 7.623 idosos em Institui\u00e7\u00f5es de Longa Perman\u00eancia; 586.317 idosos de 60 a 69 anos; 394.377 idosos de 70 a 79 anos; 106.566 idosos de 80 a 84 anos; 90.061 idosos a partir de 85 anos; 1.340 pessoas com defici\u00eancia institucionalizadas; 10.286 trabalhadores das for\u00e7as de seguran\u00e7a e salvamento; 190.577 pessoas com comorbidades; 9.638 pessoas com defici\u00eancia permanente; 29.609 gestantes e pu\u00e9rperas.<\/p>\n<p>Em rela\u00e7\u00e3o \u00e0 segunda dose, j\u00e1 foram beneficiados 212.977 trabalhadores de sa\u00fade; 25.587 povos ind\u00edgenas aldeados; 1.188 em comunidades quilombolas; 5.539 idosos institucionalizados; 242.998 idosos de 60 a 69 anos; 302.374 idosos de 70 a 79 anos; 53.924 idosos de 80 a 84 anos; 61.509 idosos a partir de 85 anos, 1.145 pessoas com defici\u00eancia institucionalizadas; 4.351 trabalhadores das for\u00e7as de seguran\u00e7a e salvamento; totalizando 911.592 pessoas que j\u00e1 finalizaram o esquema.<\/p>\n","protected":false},"excerpt":{"rendered":"<p>A Secretaria Estadual de Sa\u00fade (SES-PE) registrou, nesta sexta-feira (28\/05), 736 casos da Covid-19. Entre os confirmados hoje, 153 (21%)&hellip;<\/p>\n","protected":false},"author":1,"featured_media":70385,"comment_status":"open","ping_status":"open","sticky":false,"template":"","format":"standard","meta":{"footnotes":""},"categories":[14120],"tags":[19524,2,19532,17559,21758,1950,19670],"class_list":["post-70384","post","type-post","status-publish","format-standard","has-post-thumbnail","hentry","category-noticias","tag-andre-longo","tag-blog-do-edvaldo-magalhaes","tag-blog-mais-acessado-e-visualizado-de-caruaru-e-regiao","tag-covid-19","tag-governo-de-pernambuco-assegura-que-nao-falta-oxigenio-no-estado","tag-noticias-de-caruaru","tag-novo-coronavirus"],"_links":{"self":[{"href":"https:\/\/blogdoedvaldomagalhaes.com.br\/index.php\/wp-json\/wp\/v2\/posts\/70384","targetHints":{"allow":["GET"]}}],"collection":[{"href":"https:\/\/blogdoedvaldomagalhaes.com.br\/index.php\/wp-json\/wp\/v2\/posts"}],"about":[{"href":"https:\/\/blogdoedvaldomagalhaes.com.br\/index.php\/wp-json\/wp\/v2\/types\/post"}],"author":[{"embeddable":true,"href":"https:\/\/blogdoedvaldomagalhaes.com.br\/index.php\/wp-json\/wp\/v2\/users\/1"}],"replies":[{"embeddable":true,"href":"https:\/\/blogdoedvaldomagalhaes.com.br\/index.php\/wp-json\/wp\/v2\/comments?post=70384"}],"version-history":[{"count":1,"href":"https:\/\/blogdoedvaldomagalhaes.com.br\/index.php\/wp-json\/wp\/v2\/posts\/70384\/revisions"}],"predecessor-version":[{"id":70386,"href":"https:\/\/blogdoedvaldomagalhaes.com.br\/index.php\/wp-json\/wp\/v2\/posts\/70384\/revisions\/70386"}],"wp:featuredmedia":[{"embeddable":true,"href":"https:\/\/blogdoedvaldomagalhaes.com.br\/index.php\/wp-json\/wp\/v2\/media\/70385"}],"wp:attachment":[{"href":"https:\/\/blogdoedvaldomagalhaes.com.br\/index.php\/wp-json\/wp\/v2\/media?parent=70384"}],"wp:term":[{"taxonomy":"category","embeddable":true,"href":"https:\/\/blogdoedvaldomagalhaes.com.br\/index.php\/wp-json\/wp\/v2\/categories?post=70384"},{"taxonomy":"post_tag","embeddable":true,"href":"https:\/\/blogdoedvaldomagalhaes.com.br\/index.php\/wp-json\/wp\/v2\/tags?post=70384"}],"curies":[{"name":"wp","href":"https:\/\/api.w.org\/{rel}","templated":true}]}}