{"id":70381,"date":"2021-05-28T20:24:04","date_gmt":"2021-05-28T23:24:04","guid":{"rendered":"https:\/\/blogdoedvaldomagalhaes.com.br\/?p=70381"},"modified":"2021-05-28T22:05:49","modified_gmt":"2021-05-29T01:05:49","slug":"professor-menelau-junior-e-transferido-para-uti-covid-em-caruaru","status":"publish","type":"post","link":"https:\/\/blogdoedvaldomagalhaes.com.br\/index.php\/2021\/05\/28\/professor-menelau-junior-e-transferido-para-uti-covid-em-caruaru\/","title":{"rendered":"Professor Menelau J\u00fanior \u00e9 transferido para UTI Covid, em Caruaru"},"content":{"rendered":"<p style=\"text-align: justify;\"><span style=\"font-size: inherit;\">O professor Menelau Jr, deu entrada no Hospital da Unimed Caruaru, na noite da \u00faltima quarta-feira (26\/05), com quadro sugestivo de Covid-19, por<\/span><span style=\"font-size: inherit;\"> apresentar um leve desconforto respirat\u00f3rio, foi internado em enfermaria para fazer os exames necess\u00e1rios e investiga\u00e7\u00f5es adicionais.<\/span><\/p>\n<p style=\"text-align: justify;\">Na tarde desta sexta-feira (28), o <span style=\"font-size: inherit;\">\u00a0professor Menelau Junior foi transferido para a UTI Covid. De acordo com a esposa do paciente &#8220;A decis\u00e3o foi tomada pela equipe m\u00e9dica para melhor acompanhamento do paciente, que est\u00e1 est\u00e1vel&#8221;.<\/span><\/p>\n<p style=\"text-align: justify;\">Boletim M\u00e9dico do Hospital Unimed Caruaru<\/p>\n<p style=\"text-align: justify;\">Internado no Hospital Unimed Caruaru, o Professor Menelau Jr. foi transferido para a UTI Covid na tarde desta sexta-feira (28). Menelau est\u00e1 consciente, recebe ventila\u00e7\u00e3o n\u00e3o invasiva (VNI) e o quadro de sa\u00fade \u00e9 est\u00e1vel.<br \/>\nO professor deu entrada no HUC na noite da \u00faltima quarta-feira (26), com quadro sugestivo de Covid-19, que se confirmou ap\u00f3s exames.<br \/>\nDr. Ant\u00f4nio Menezes Jr.<br \/>\nDiretor T\u00e9cnico<\/p>\n<p style=\"text-align: justify;\">Foto: Reprodu\u00e7\u00e3o\/Facebook.<\/p>\n","protected":false},"excerpt":{"rendered":"<p>O professor Menelau Jr, deu entrada no Hospital da Unimed Caruaru, na noite da \u00faltima quarta-feira (26\/05), com quadro sugestivo&hellip;<\/p>\n","protected":false},"author":1,"featured_media":70382,"comment_status":"open","ping_status":"open","sticky":false,"template":"","format":"standard","meta":{"footnotes":""},"categories":[14120],"tags":[2,19532,17559,1950,19670,21757],"class_list":["post-70381","post","type-post","status-publish","format-standard","has-post-thumbnail","hentry","category-noticias","tag-blog-do-edvaldo-magalhaes","tag-blog-mais-acessado-e-visualizado-de-caruaru-e-regiao","tag-covid-19","tag-noticias-de-caruaru","tag-novo-coronavirus","tag-professor-menelau-junior-e-transferido-para-uti-covid-em-caruaru"],"_links":{"self":[{"href":"https:\/\/blogdoedvaldomagalhaes.com.br\/index.php\/wp-json\/wp\/v2\/posts\/70381","targetHints":{"allow":["GET"]}}],"collection":[{"href":"https:\/\/blogdoedvaldomagalhaes.com.br\/index.php\/wp-json\/wp\/v2\/posts"}],"about":[{"href":"https:\/\/blogdoedvaldomagalhaes.com.br\/index.php\/wp-json\/wp\/v2\/types\/post"}],"author":[{"embeddable":true,"href":"https:\/\/blogdoedvaldomagalhaes.com.br\/index.php\/wp-json\/wp\/v2\/users\/1"}],"replies":[{"embeddable":true,"href":"https:\/\/blogdoedvaldomagalhaes.com.br\/index.php\/wp-json\/wp\/v2\/comments?post=70381"}],"version-history":[{"count":2,"href":"https:\/\/blogdoedvaldomagalhaes.com.br\/index.php\/wp-json\/wp\/v2\/posts\/70381\/revisions"}],"predecessor-version":[{"id":70388,"href":"https:\/\/blogdoedvaldomagalhaes.com.br\/index.php\/wp-json\/wp\/v2\/posts\/70381\/revisions\/70388"}],"wp:featuredmedia":[{"embeddable":true,"href":"https:\/\/blogdoedvaldomagalhaes.com.br\/index.php\/wp-json\/wp\/v2\/media\/70382"}],"wp:attachment":[{"href":"https:\/\/blogdoedvaldomagalhaes.com.br\/index.php\/wp-json\/wp\/v2\/media?parent=70381"}],"wp:term":[{"taxonomy":"category","embeddable":true,"href":"https:\/\/blogdoedvaldomagalhaes.com.br\/index.php\/wp-json\/wp\/v2\/categories?post=70381"},{"taxonomy":"post_tag","embeddable":true,"href":"https:\/\/blogdoedvaldomagalhaes.com.br\/index.php\/wp-json\/wp\/v2\/tags?post=70381"}],"curies":[{"name":"wp","href":"https:\/\/api.w.org\/{rel}","templated":true}]}}