{"id":7038,"date":"2017-01-17T18:13:00","date_gmt":"2017-01-17T20:13:00","guid":{"rendered":"http:\/\/blogdoedvaldomagalhaes.com.br\/index.php\/2017\/01\/17\/central-tem-dois-desfalques-para\/"},"modified":"2019-02-09T01:13:58","modified_gmt":"2019-02-09T03:13:58","slug":"central-tem-dois-desfalques-para","status":"publish","type":"post","link":"https:\/\/blogdoedvaldomagalhaes.com.br\/index.php\/2017\/01\/17\/central-tem-dois-desfalques-para\/","title":{"rendered":"Central tem dois desfalques para encarar o Serra Talhada no sert\u00e3o"},"content":{"rendered":"<div style=\"background-color: white; box-sizing: border-box; line-height: 26px; margin-bottom: 26px;\">\n<\/div>\n<div class=\"separator\" style=\"clear: both; text-align: center;\">\n<a href=\"https:\/\/2.bp.blogspot.com\/-PrVzmfcfjEQ\/WH5d0OIxFnI\/AAAAAAAANnY\/zfeMBSuCxyQIJIJYiBvKoVTk6arOFm8bACLcB\/s1600\/csc.jpg\" imageanchor=\"1\" style=\"margin-left: 1em; margin-right: 1em;\"><img loading=\"lazy\" decoding=\"async\" border=\"0\" height=\"225\" src=\"http:\/\/blogdoedvaldomagalhaes.com.br\/wp-content\/uploads\/2017\/01\/csc.jpg\" width=\"400\" \/><\/a><\/div>\n<div style=\"text-align: justify;\">\n<\/div>\n<div style=\"text-align: justify;\">\nO Central est\u00e1 definido para o confronto contra o Serra Talhada, nesta quarta (18), \u00e0s 20h, no Est\u00e1dio Nildo Pereira (Pereir\u00e3o), no sert\u00e3o pernambucano. O zagueiro Everton Moura e o atacante Anderson Lessa, est\u00e3o fora da partida, ambos n\u00e3o foram liberados pelo departamento m\u00e9dico, ambos se machucaram na \u00faltima partida em casa, diante do Belo Jardim. Tom\u00e1s, que deve ser regularizado hoje, ser\u00e1 o substituto de Everton e Jailson ser\u00e1 o substituto de Lessa.<\/div>\n<div style=\"text-align: justify;\">\n<\/div>\n<div style=\"text-align: justify;\">\nO Central vai entrar em campo com<b>:&nbsp;<\/b>Murilo; Baiano, Marlon, Tom\u00e1s (Sanny Rodrigues) e Altemar; Everton Hora, Vagner Rosa, David Manteiga e A\u00edlton; Ja\u00edlson e Kleitinho.<\/div>\n","protected":false},"excerpt":{"rendered":"<p>O Central est\u00e1 definido para o confronto contra o Serra Talhada, nesta quarta (18), \u00e0s 20h, no Est\u00e1dio Nildo Pereira&hellip;<\/p>\n","protected":false},"author":1,"featured_media":0,"comment_status":"open","ping_status":"open","sticky":false,"template":"","format":"standard","meta":{"footnotes":""},"categories":[1],"tags":[8952,2,9679,9220,3,8970,9680],"class_list":["post-7038","post","type-post","status-publish","format-standard","hentry","category-sem-categoria","tag-anderson-lessa","tag-blog-do-edvaldo-magalhaes","tag-central-tem-dois-desfalques-para-encarar-o-serra-talhada-no-sertao","tag-everton-moura","tag-futebol","tag-laelson-lima","tag-pereirao"],"_links":{"self":[{"href":"https:\/\/blogdoedvaldomagalhaes.com.br\/index.php\/wp-json\/wp\/v2\/posts\/7038","targetHints":{"allow":["GET"]}}],"collection":[{"href":"https:\/\/blogdoedvaldomagalhaes.com.br\/index.php\/wp-json\/wp\/v2\/posts"}],"about":[{"href":"https:\/\/blogdoedvaldomagalhaes.com.br\/index.php\/wp-json\/wp\/v2\/types\/post"}],"author":[{"embeddable":true,"href":"https:\/\/blogdoedvaldomagalhaes.com.br\/index.php\/wp-json\/wp\/v2\/users\/1"}],"replies":[{"embeddable":true,"href":"https:\/\/blogdoedvaldomagalhaes.com.br\/index.php\/wp-json\/wp\/v2\/comments?post=7038"}],"version-history":[{"count":1,"href":"https:\/\/blogdoedvaldomagalhaes.com.br\/index.php\/wp-json\/wp\/v2\/posts\/7038\/revisions"}],"predecessor-version":[{"id":16074,"href":"https:\/\/blogdoedvaldomagalhaes.com.br\/index.php\/wp-json\/wp\/v2\/posts\/7038\/revisions\/16074"}],"wp:attachment":[{"href":"https:\/\/blogdoedvaldomagalhaes.com.br\/index.php\/wp-json\/wp\/v2\/media?parent=7038"}],"wp:term":[{"taxonomy":"category","embeddable":true,"href":"https:\/\/blogdoedvaldomagalhaes.com.br\/index.php\/wp-json\/wp\/v2\/categories?post=7038"},{"taxonomy":"post_tag","embeddable":true,"href":"https:\/\/blogdoedvaldomagalhaes.com.br\/index.php\/wp-json\/wp\/v2\/tags?post=7038"}],"curies":[{"name":"wp","href":"https:\/\/api.w.org\/{rel}","templated":true}]}}