{"id":70378,"date":"2021-05-28T18:44:59","date_gmt":"2021-05-28T21:44:59","guid":{"rendered":"https:\/\/blogdoedvaldomagalhaes.com.br\/?p=70378"},"modified":"2021-05-28T18:45:01","modified_gmt":"2021-05-28T21:45:01","slug":"ministerio-da-saude-autoriza-vacinacao-da-populacao-entre-18-e-59-anos-junto-com-grupos-prioritarios","status":"publish","type":"post","link":"https:\/\/blogdoedvaldomagalhaes.com.br\/index.php\/2021\/05\/28\/ministerio-da-saude-autoriza-vacinacao-da-populacao-entre-18-e-59-anos-junto-com-grupos-prioritarios\/","title":{"rendered":"Minist\u00e9rio da Sa\u00fade autoriza vacina\u00e7\u00e3o da popula\u00e7\u00e3o entre 18 e 59 anos junto com grupos priorit\u00e1rios"},"content":{"rendered":"<p style=\"text-align: justify;\">O Minist\u00e9rio da Sa\u00fade est\u00e1 antecipando a vacina\u00e7\u00e3o contra a Covid-19 para os profissionais da educa\u00e7\u00e3o e j\u00e1 autoriza paralelamente da popula\u00e7\u00e3o em geral por ordem decrescente de faixa et\u00e1ria. A pasta come\u00e7ar\u00e1 a enviar doses aos estados, de forma escalonada, para atender a esse p\u00fablico, juntamente com outros grupos priorit\u00e1rios definidos pelo Plano Nacional de Operacionaliza\u00e7\u00e3o da Vacina\u00e7\u00e3o contra a Covid-19 (PNO).<\/p>\n<p style=\"text-align: justify;\">A motiva\u00e7\u00e3o da prioriza\u00e7\u00e3o dos profissionais da educa\u00e7\u00e3o se deve aos impactos sociais ocasionados pela Covid-19 com a necessidade de volta \u00e0s aulas presenciais. As creches e escolas contribuem n\u00e3o s\u00f3 para a educa\u00e7\u00e3o de milhares de brasileirinhos como tamb\u00e9m garantem a seguran\u00e7a alimentar das crian\u00e7as.<\/p>\n<p style=\"text-align: justify;\">No caso dos profissionais da educa\u00e7\u00e3o, a orienta\u00e7\u00e3o \u00e9 seguir essa ordem de prioridade: creches, pr\u00e9-escolas, ensino fundamental, ensino m\u00e9dio, profissionalizantes e EJA e, na sequ\u00eancia, trabalhadores da educa\u00e7\u00e3o do ensino superior.<br \/>\nPara al\u00e9m dos grupos priorit\u00e1rios, entre eles os profissionais da educa\u00e7\u00e3o, o Minist\u00e9rio da Sa\u00fade tamb\u00e9m inicia paralelamente a vacina\u00e7\u00e3o da popula\u00e7\u00e3o geral, entre 18 e 59 anos. Isso porque estados e munic\u00edpios relataram demanda diminu\u00edda dos grupos elencados no plano de vacina\u00e7\u00e3o.<\/p>\n<p style=\"text-align: justify;\">Esse grupo poder\u00e1 come\u00e7ar a ser imunizado de maneira escalonada e por faixas et\u00e1rias decrescentes, desde que a vacina\u00e7\u00e3o dos grupos priorit\u00e1rios restantes seja mantida e cumprida, de acordo com a ordem estabelecida pelo PNO.<\/p>\n<p style=\"text-align: justify;\">As recomenda\u00e7\u00f5es foram pactuadas na Comiss\u00e3o Intergestores Tripartite (CIT), realizada nesta quinta-feira (27\/5), com representantes do Minist\u00e9rio da Sa\u00fade, estados e munic\u00edpios. As orienta\u00e7\u00f5es tamb\u00e9m est\u00e3o em uma\u00a0<a class=\"internal-link\" href=\"https:\/\/www.gov.br\/saude\/pt-br\/media\/pdf\/2021\/maio\/28\/sei_ms-0020807492-nota-tecnica-717.pdf\" target=\"_self\" data-tippreview-image=\"\" data-tippreview-title=\"\" data-tippreview-enabled=\"true\" data-tippy=\"\" rel=\"noopener\">nota t\u00e9cnica do Programa Nacional de Imuniza\u00e7\u00f5es (PNI)<\/a>.<\/p>\n","protected":false},"excerpt":{"rendered":"<p>O Minist\u00e9rio da Sa\u00fade est\u00e1 antecipando a vacina\u00e7\u00e3o contra a Covid-19 para os profissionais da educa\u00e7\u00e3o e j\u00e1 autoriza paralelamente&hellip;<\/p>\n","protected":false},"author":1,"featured_media":70379,"comment_status":"open","ping_status":"open","sticky":false,"template":"","format":"standard","meta":{"footnotes":""},"categories":[14120],"tags":[2,19532,17559,21753,1950,19670],"class_list":["post-70378","post","type-post","status-publish","format-standard","has-post-thumbnail","hentry","category-noticias","tag-blog-do-edvaldo-magalhaes","tag-blog-mais-acessado-e-visualizado-de-caruaru-e-regiao","tag-covid-19","tag-ministerio-da-saude-autoriza-vacinacao-da-populacao-entre-18-e-59-anos-junto-com-grupos-prioritarios","tag-noticias-de-caruaru","tag-novo-coronavirus"],"_links":{"self":[{"href":"https:\/\/blogdoedvaldomagalhaes.com.br\/index.php\/wp-json\/wp\/v2\/posts\/70378","targetHints":{"allow":["GET"]}}],"collection":[{"href":"https:\/\/blogdoedvaldomagalhaes.com.br\/index.php\/wp-json\/wp\/v2\/posts"}],"about":[{"href":"https:\/\/blogdoedvaldomagalhaes.com.br\/index.php\/wp-json\/wp\/v2\/types\/post"}],"author":[{"embeddable":true,"href":"https:\/\/blogdoedvaldomagalhaes.com.br\/index.php\/wp-json\/wp\/v2\/users\/1"}],"replies":[{"embeddable":true,"href":"https:\/\/blogdoedvaldomagalhaes.com.br\/index.php\/wp-json\/wp\/v2\/comments?post=70378"}],"version-history":[{"count":1,"href":"https:\/\/blogdoedvaldomagalhaes.com.br\/index.php\/wp-json\/wp\/v2\/posts\/70378\/revisions"}],"predecessor-version":[{"id":70380,"href":"https:\/\/blogdoedvaldomagalhaes.com.br\/index.php\/wp-json\/wp\/v2\/posts\/70378\/revisions\/70380"}],"wp:featuredmedia":[{"embeddable":true,"href":"https:\/\/blogdoedvaldomagalhaes.com.br\/index.php\/wp-json\/wp\/v2\/media\/70379"}],"wp:attachment":[{"href":"https:\/\/blogdoedvaldomagalhaes.com.br\/index.php\/wp-json\/wp\/v2\/media?parent=70378"}],"wp:term":[{"taxonomy":"category","embeddable":true,"href":"https:\/\/blogdoedvaldomagalhaes.com.br\/index.php\/wp-json\/wp\/v2\/categories?post=70378"},{"taxonomy":"post_tag","embeddable":true,"href":"https:\/\/blogdoedvaldomagalhaes.com.br\/index.php\/wp-json\/wp\/v2\/tags?post=70378"}],"curies":[{"name":"wp","href":"https:\/\/api.w.org\/{rel}","templated":true}]}}