{"id":70374,"date":"2021-05-28T17:31:50","date_gmt":"2021-05-28T20:31:50","guid":{"rendered":"https:\/\/blogdoedvaldomagalhaes.com.br\/?p=70374"},"modified":"2021-05-28T17:31:51","modified_gmt":"2021-05-28T20:31:51","slug":"sds-intensifica-fiscalizacao-durante-o-fim-de-semana-de-quarentena-confira","status":"publish","type":"post","link":"https:\/\/blogdoedvaldomagalhaes.com.br\/index.php\/2021\/05\/28\/sds-intensifica-fiscalizacao-durante-o-fim-de-semana-de-quarentena-confira\/","title":{"rendered":"SDS intensifica fiscaliza\u00e7\u00e3o durante o fim de semana de quarentena; Confira"},"content":{"rendered":"<p style=\"text-align: justify;\"><span style=\"font-size: inherit;\">Praias e cal\u00e7ad\u00f5es estar\u00e3o interditados para o p\u00fablico no s\u00e1bado e domingo (29 e 30\/05). Tamb\u00e9m est\u00e1 proibido o atendimento presencial em servi\u00e7os, bares e restaurantes, de acordo com Decreto Estadual N\u00ba 50.752, do Governo de Pernambuco.<\/span><\/p>\n<p style=\"text-align: justify;\">O efetivo das operativas da Secretaria de Defesa Social de Pernambuco (SDS) estar\u00e1 refor\u00e7ado, neste fim de semana, para garantir o cumprimento da quarentena em 59 munic\u00edpios da Regi\u00e3o Metropolitana do Recife e da Zona da Mata. Durante todo o s\u00e1bado (29\/05) e o domingo (30\/05), policiais militares e civis, al\u00e9m dos bombeiros militares, fiscalizam e orientam a popula\u00e7\u00e3o, para evitar aglomera\u00e7\u00f5es e a abertura de servi\u00e7os proibidos no per\u00edodo. No Agreste, a quarentena iniciou-se quarta-feira (26\/05) em 65 munic\u00edpios e prossegue todos os dias da semana at\u00e9 6 de junho.<\/p>\n<p style=\"text-align: justify;\">Mais de 5 mil profissionais da seguran\u00e7a p\u00fablica de Pernambuco est\u00e3o envolvidos na opera\u00e7\u00e3o. \u201cNesses dois dias de opera\u00e7\u00e3o, j\u00e1 efetuamos mais de 7 mil fiscaliza\u00e7\u00f5es e tivemos 8 pessoas conduzidas a delegacias, em raz\u00e3o de descumprirem as mediddas sanit\u00e1rias. Orientamos milhares de pessoas nas ruas de 65 munic\u00edpios do Agreste e, agora, tamb\u00e9m precisamos da colabora\u00e7\u00e3o das pessoas da Regi\u00e3o Metropolitana e da Zona da Mata. Quem souber de irregularidades, como festas clandestinas, deve denunciar ao telefone 190 ou procurar uma delegacia pr\u00f3xima. Lembramos, ainda, que o acesso \u00e0s praias e aos cal\u00e7ad\u00f5es estar\u00e1 fechado para qualquer tipo de atividade, seja pr\u00e1tica esportiva, lazer ou com\u00e9rcio. \u00c9 fundamental o apoio dos cidad\u00e3os neste momento, para que consigamos reduzir o n\u00edvel de transmiss\u00e3o da Covid aqui no Estado\u201d, ressalta o secret\u00e1rio de Defesa Social, Antonio de P\u00e1dua.<\/p>\n<p style=\"text-align: justify;\">No fim de semana, na RMR e na Zona da Mata, est\u00e1 vedado o funcionamento de forma presencial de atividades econ\u00f4micas e sociais, entre elas praias, cal\u00e7ad\u00f5es e parques; escolas e univesidades p\u00fablicas e privadas; shoppings e galerias comerciais; clubes sociais, esportivos e agremia\u00e7\u00f5es; escrit\u00f3rios comerciais e de presta\u00e7\u00e3o de servi\u00e7os; ciclofaixas destinadas ao lazer; competi\u00e7\u00f5es e pr\u00e1ticas esportivas coletivas, profissionais ou voltadas ao lazer. O Decreto N\u00ba 50.752, publicado no Di\u00e1rio Oficial do Estado de 25 de maio, prev\u00ea exce\u00e7\u00f5es, como supermercados, farm\u00e1cias, hospitais e sevi\u00e7os de \u00e1gua, g\u00e1s e combust\u00edvel, entre outros.<\/p>\n<p style=\"text-align: justify;\">BALAN\u00c7O DA OPERA\u00c7\u00c3O QUARENTENA &#8211; Da quarta (26\/05) \u00e0 quinta-feira (27\/05), a Opera\u00e7\u00e3o Quarentena no Agreste teve 7.826 fiscaliza\u00e7\u00f5es. Oito pessoas tiveram de ser conduzidas a delegacias de Pol\u00edcia Civil, por descumprirem o Decreto Estadual N\u00ba 50.752, que estabelece quarentena r\u00edgida em 65 munic\u00edpios do Agreste. O crime de infra\u00e7\u00e3o sanit\u00e1ria, previsto pelo artigo 268 do C\u00f3digo Penal, prev\u00ea deten\u00e7\u00e3o de 1 m\u00eas a 1 ano, al\u00e9m de multa.<\/p>\n<p style=\"text-align: justify;\">O refor\u00e7o na seguran\u00e7a p\u00fablica durante a Opera\u00e7\u00e3o Quarentena envolve 5.089 postos extra de trabalho para policiais militares, policiais civis e bombeiros militares, al\u00e9m de servidores da Corregedoria Geral da SDS e da pr\u00f3pria Secretaria de Defesa Social, atuando no Centro Integrado de Comando e Controle Regional (CICCR), que comanda as a\u00e7\u00f5es da seguran\u00e7a no per\u00edodo.<\/p>\n","protected":false},"excerpt":{"rendered":"<p>Praias e cal\u00e7ad\u00f5es estar\u00e3o interditados para o p\u00fablico no s\u00e1bado e domingo (29 e 30\/05). Tamb\u00e9m est\u00e1 proibido o atendimento&hellip;<\/p>\n","protected":false},"author":1,"featured_media":70375,"comment_status":"open","ping_status":"open","sticky":false,"template":"","format":"standard","meta":{"footnotes":""},"categories":[1],"tags":[2,19532,17559,1950,19670,21752],"class_list":["post-70374","post","type-post","status-publish","format-standard","has-post-thumbnail","hentry","category-sem-categoria","tag-blog-do-edvaldo-magalhaes","tag-blog-mais-acessado-e-visualizado-de-caruaru-e-regiao","tag-covid-19","tag-noticias-de-caruaru","tag-novo-coronavirus","tag-sds-intensifica-fiscalizacao-durante-o-fim-de-semana-de-quarentena-confira"],"_links":{"self":[{"href":"https:\/\/blogdoedvaldomagalhaes.com.br\/index.php\/wp-json\/wp\/v2\/posts\/70374","targetHints":{"allow":["GET"]}}],"collection":[{"href":"https:\/\/blogdoedvaldomagalhaes.com.br\/index.php\/wp-json\/wp\/v2\/posts"}],"about":[{"href":"https:\/\/blogdoedvaldomagalhaes.com.br\/index.php\/wp-json\/wp\/v2\/types\/post"}],"author":[{"embeddable":true,"href":"https:\/\/blogdoedvaldomagalhaes.com.br\/index.php\/wp-json\/wp\/v2\/users\/1"}],"replies":[{"embeddable":true,"href":"https:\/\/blogdoedvaldomagalhaes.com.br\/index.php\/wp-json\/wp\/v2\/comments?post=70374"}],"version-history":[{"count":1,"href":"https:\/\/blogdoedvaldomagalhaes.com.br\/index.php\/wp-json\/wp\/v2\/posts\/70374\/revisions"}],"predecessor-version":[{"id":70376,"href":"https:\/\/blogdoedvaldomagalhaes.com.br\/index.php\/wp-json\/wp\/v2\/posts\/70374\/revisions\/70376"}],"wp:featuredmedia":[{"embeddable":true,"href":"https:\/\/blogdoedvaldomagalhaes.com.br\/index.php\/wp-json\/wp\/v2\/media\/70375"}],"wp:attachment":[{"href":"https:\/\/blogdoedvaldomagalhaes.com.br\/index.php\/wp-json\/wp\/v2\/media?parent=70374"}],"wp:term":[{"taxonomy":"category","embeddable":true,"href":"https:\/\/blogdoedvaldomagalhaes.com.br\/index.php\/wp-json\/wp\/v2\/categories?post=70374"},{"taxonomy":"post_tag","embeddable":true,"href":"https:\/\/blogdoedvaldomagalhaes.com.br\/index.php\/wp-json\/wp\/v2\/tags?post=70374"}],"curies":[{"name":"wp","href":"https:\/\/api.w.org\/{rel}","templated":true}]}}