{"id":70371,"date":"2021-05-28T16:05:30","date_gmt":"2021-05-28T19:05:30","guid":{"rendered":"https:\/\/blogdoedvaldomagalhaes.com.br\/?p=70371"},"modified":"2021-05-28T16:05:33","modified_gmt":"2021-05-28T19:05:33","slug":"fagner-cobra-planejamento-da-prefeitura-de-caruaru-na-aplicacao-dos-recursos-do-fpm","status":"publish","type":"post","link":"https:\/\/blogdoedvaldomagalhaes.com.br\/index.php\/2021\/05\/28\/fagner-cobra-planejamento-da-prefeitura-de-caruaru-na-aplicacao-dos-recursos-do-fpm\/","title":{"rendered":"Fagner cobra planejamento da prefeitura de Caruaru na aplica\u00e7\u00e3o dos recursos do FPM"},"content":{"rendered":"<p style=\"text-align: justify;\"><span style=\"font-size: inherit;\">Durante a Sess\u00e3o Plen\u00e1ria Virtual o vereador Fagner Fernandes (PDT) usou a tribuna da Casa para destacar mais uma vez a falta de planejamento da prefeitura de Caruaru na utiliza\u00e7\u00e3o dos recursos recebidos por meio do Fundo de Participa\u00e7\u00e3o dos Munic\u00edpios &#8211; FPM.<\/span><\/p>\n<p style=\"text-align: justify;\">Segundo o parlamentar, a soma dos recursos recebidos pela gest\u00e3o municipal em 2020 e este ano, daria para realizar a manuten\u00e7\u00e3o de \u00e1reas necess\u00e1rias da cidade. &#8220;A gest\u00e3o atual alega n\u00e3o ter recursos suficientes para cal\u00e7ar ruas ou realizar a manuten\u00e7\u00e3o das vias da nossa cidade. Por onde passamos registramos in\u00fameros buracos, seja em bairros da periferia ou no centro. Em 2020 o FPM destinou R$31.882.603,62 milh\u00f5es (janeiro a maio), e esse ano a prefeitura j\u00e1 recebeu R$39.063.18 milh\u00f5es (janeiro a maio)&#8221;, explicou.<\/p>\n<p style=\"text-align: justify;\">Fagner lembrou ainda que os recursos do Fundo de Participa\u00e7\u00e3o dos Munic\u00edpios s\u00e3o destinados para serem aplicados na manuten\u00e7\u00e3o da m\u00e1quina p\u00fablica. &#8220;Tamb\u00e9m solicitamos \u00e0 prefeitura, que seja aplicada uma pequena porcentagem (1%) desses recursos na AME Animal. Os servi\u00e7os de recolhimento de animais, castra\u00e7\u00e3o e aplica\u00e7\u00e3o de chip de identifica\u00e7\u00e3o, devem ser realizados de forma efetiva. Estamos apenas cobrando que a gest\u00e3o municipal use o dinheiro tamb\u00e9m nessas \u00e1reas.&#8221;, concluiu o vereador.<\/p>\n<p style=\"text-align: justify;\">As informa\u00e7\u00f5es sobre os valores est\u00e3o dispon\u00edveis no site www.tesourotransparente.gov.br.<\/p>\n","protected":false},"excerpt":{"rendered":"<p>Durante a Sess\u00e3o Plen\u00e1ria Virtual o vereador Fagner Fernandes (PDT) usou a tribuna da Casa para destacar mais uma vez&hellip;<\/p>\n","protected":false},"author":1,"featured_media":70372,"comment_status":"open","ping_status":"open","sticky":false,"template":"","format":"standard","meta":{"footnotes":""},"categories":[14122],"tags":[2,19532,21751,1950,20],"class_list":["post-70371","post","type-post","status-publish","format-standard","has-post-thumbnail","hentry","category-politica","tag-blog-do-edvaldo-magalhaes","tag-blog-mais-acessado-e-visualizado-de-caruaru-e-regiao","tag-fagner-cobra-planejamento-da-prefeitura-de-caruaru-na-aplicacao-dos-recursos-do-fpm","tag-noticias-de-caruaru","tag-politica"],"_links":{"self":[{"href":"https:\/\/blogdoedvaldomagalhaes.com.br\/index.php\/wp-json\/wp\/v2\/posts\/70371","targetHints":{"allow":["GET"]}}],"collection":[{"href":"https:\/\/blogdoedvaldomagalhaes.com.br\/index.php\/wp-json\/wp\/v2\/posts"}],"about":[{"href":"https:\/\/blogdoedvaldomagalhaes.com.br\/index.php\/wp-json\/wp\/v2\/types\/post"}],"author":[{"embeddable":true,"href":"https:\/\/blogdoedvaldomagalhaes.com.br\/index.php\/wp-json\/wp\/v2\/users\/1"}],"replies":[{"embeddable":true,"href":"https:\/\/blogdoedvaldomagalhaes.com.br\/index.php\/wp-json\/wp\/v2\/comments?post=70371"}],"version-history":[{"count":1,"href":"https:\/\/blogdoedvaldomagalhaes.com.br\/index.php\/wp-json\/wp\/v2\/posts\/70371\/revisions"}],"predecessor-version":[{"id":70373,"href":"https:\/\/blogdoedvaldomagalhaes.com.br\/index.php\/wp-json\/wp\/v2\/posts\/70371\/revisions\/70373"}],"wp:featuredmedia":[{"embeddable":true,"href":"https:\/\/blogdoedvaldomagalhaes.com.br\/index.php\/wp-json\/wp\/v2\/media\/70372"}],"wp:attachment":[{"href":"https:\/\/blogdoedvaldomagalhaes.com.br\/index.php\/wp-json\/wp\/v2\/media?parent=70371"}],"wp:term":[{"taxonomy":"category","embeddable":true,"href":"https:\/\/blogdoedvaldomagalhaes.com.br\/index.php\/wp-json\/wp\/v2\/categories?post=70371"},{"taxonomy":"post_tag","embeddable":true,"href":"https:\/\/blogdoedvaldomagalhaes.com.br\/index.php\/wp-json\/wp\/v2\/tags?post=70371"}],"curies":[{"name":"wp","href":"https:\/\/api.w.org\/{rel}","templated":true}]}}