{"id":7037,"date":"2017-01-17T19:37:00","date_gmt":"2017-01-17T21:37:00","guid":{"rendered":"http:\/\/blogdoedvaldomagalhaes.com.br\/index.php\/2017\/01\/17\/estrada-que-da-acesso-fazenda-nova-esta\/"},"modified":"2019-02-09T01:14:00","modified_gmt":"2019-02-09T03:14:00","slug":"estrada-que-da-acesso-fazenda-nova-esta","status":"publish","type":"post","link":"https:\/\/blogdoedvaldomagalhaes.com.br\/index.php\/2017\/01\/17\/estrada-que-da-acesso-fazenda-nova-esta\/","title":{"rendered":"Estrada que d\u00e1 acesso a Fazenda Nova est\u00e1 abandonada pelo governo"},"content":{"rendered":"<div class=\"separator\" style=\"clear: both; text-align: center;\">\n<a href=\"https:\/\/1.bp.blogspot.com\/-h48vL3qhjJc\/WH5w8BcrG5I\/AAAAAAAANns\/pe4UNZjRh6IAjiFxIh0PDTD_jPDBJ2foQCLcB\/s1600\/estrada%2B9.jpg\" imageanchor=\"1\" style=\"margin-left: 1em; margin-right: 1em;\"><img loading=\"lazy\" decoding=\"async\" border=\"0\" height=\"300\" src=\"http:\/\/blogdoedvaldomagalhaes.com.br\/wp-content\/uploads\/2017\/01\/estrada9.jpg\" width=\"400\" \/><\/a><\/div>\n<p><\/p>\n<div class=\"separator\" style=\"clear: both; text-align: center;\">\n<a href=\"https:\/\/4.bp.blogspot.com\/-AGHIYU2UBhk\/WH5xAoLOWRI\/AAAAAAAANn4\/rPSRpS7ylJ8Iyomn1w1SVJ5T0EJyd-rbwCLcB\/s1600\/estrada%2B3.jpg\" imageanchor=\"1\" style=\"margin-left: 1em; margin-right: 1em;\"><img loading=\"lazy\" decoding=\"async\" border=\"0\" height=\"400\" src=\"http:\/\/blogdoedvaldomagalhaes.com.br\/wp-content\/uploads\/2017\/01\/estrada3.jpg\" width=\"296\" \/><\/a><\/div>\n<p><\/p>\n<div class=\"separator\" style=\"clear: both; text-align: center;\">\n<a href=\"https:\/\/2.bp.blogspot.com\/-hgckN7oR1V0\/WH5xCO4ylfI\/AAAAAAAANn8\/CjWcCIwxfho1TbkHvqL15gR0o339dD1EQCLcB\/s1600\/estrada%2B4.jpg\" imageanchor=\"1\" style=\"margin-left: 1em; margin-right: 1em;\"><img loading=\"lazy\" decoding=\"async\" border=\"0\" height=\"400\" src=\"http:\/\/blogdoedvaldomagalhaes.com.br\/wp-content\/uploads\/2017\/01\/estrada4.jpg\" width=\"296\" \/><\/a><\/div>\n<p><\/p>\n<div class=\"separator\" style=\"clear: both; text-align: center;\">\n<a href=\"https:\/\/2.bp.blogspot.com\/-iQhW3rOq1GE\/WH5xDiQSf3I\/AAAAAAAANoA\/ylkYb_yjOmU4998jfoRpT_aDaEqZQA0tgCLcB\/s1600\/estrada%2B5.jpg\" imageanchor=\"1\" style=\"margin-left: 1em; margin-right: 1em;\"><img loading=\"lazy\" decoding=\"async\" border=\"0\" height=\"296\" src=\"http:\/\/blogdoedvaldomagalhaes.com.br\/wp-content\/uploads\/2017\/01\/estrada5.jpg\" width=\"400\" \/><\/a><\/div>\n<p><\/p>\n<div class=\"separator\" style=\"clear: both; text-align: center;\">\n<a href=\"https:\/\/2.bp.blogspot.com\/-dEw0nHNExpg\/WH5xGntplHI\/AAAAAAAANoI\/QcZs-nqQSpQ2eZKmBv2sWG5vfStu2bTCwCLcB\/s1600\/estrada%2B7.jpg\" imageanchor=\"1\" style=\"margin-left: 1em; margin-right: 1em;\"><img loading=\"lazy\" decoding=\"async\" border=\"0\" height=\"400\" src=\"http:\/\/blogdoedvaldomagalhaes.com.br\/wp-content\/uploads\/2017\/01\/estrada7.jpg\" width=\"296\" \/><\/a><\/div>\n<div class=\"separator\" style=\"clear: both; text-align: center;\">\n<\/div>\n<div class=\"separator\" style=\"clear: both; text-align: center;\">\n<\/div>\n<div class=\"separator\" style=\"clear: both; text-align: justify;\">\nAs imagens acima mostram a precariedade em que se encontra a PE-145, que liga a BR-104 a Fazenda Nova, onde est\u00e1 o Maior Teatro ao Ar Livre do Mundo. Quando se aproxima a Semana Santa, o Departamento de Estradas e Rodagens (DER), faz um paliativo, realizando a Opera\u00e7\u00e3o Tapa Buracos, e depois os buracos voltam, prejudicando a todos que passam pela rodovia.&nbsp;A solu\u00e7\u00e3o seria um recapeamento asf\u00e1ltico em toda rodovia, por\u00e9m, os moradores esperam h\u00e1 anos por este servi\u00e7o, que nunca acontece.<\/div>\n<div style=\"text-align: justify;\">\n<\/p>\n<div class=\"MsoNormal\" style=\"background: white; line-height: normal; margin-bottom: 0.0001pt;\">\nNo trecho que vai da BR 104 at\u00e9 a cidade-teatro, a rodovia apresenta<br \/>\nburacos distribu\u00eddos ao longo dos seus 23 quil\u00f4metros de extens\u00e3o e possui<br \/>\nainda \u00e1reas totalmente degradas gerando risco para os motoristas que trafegam<br \/>\nnaquela via. As condi\u00e7\u00f5es atuais da estrada preocupam os organizadores da<br \/>\nPaix\u00e3o de Cristo que, no ano do cinquenten\u00e1rio do espet\u00e1culo, esperam receber<br \/>\num p\u00fablico recorde de cerca de 80 mil pessoas.<\/div>\n<\/div>\n","protected":false},"excerpt":{"rendered":"<p>As imagens acima mostram a precariedade em que se encontra a PE-145, que liga a BR-104 a Fazenda Nova, onde&hellip;<\/p>\n","protected":false},"author":1,"featured_media":0,"comment_status":"open","ping_status":"open","sticky":false,"template":"","format":"standard","meta":{"footnotes":""},"categories":[1],"tags":[2,9677,6,9678],"class_list":["post-7037","post","type-post","status-publish","format-standard","hentry","category-sem-categoria","tag-blog-do-edvaldo-magalhaes","tag-estrada-que-da-acesso-a-fazenda-nova-esta-abandonada-pelo-governo","tag-noticias","tag-paixao-de-cristo-de-nova-jerusalem"],"_links":{"self":[{"href":"https:\/\/blogdoedvaldomagalhaes.com.br\/index.php\/wp-json\/wp\/v2\/posts\/7037","targetHints":{"allow":["GET"]}}],"collection":[{"href":"https:\/\/blogdoedvaldomagalhaes.com.br\/index.php\/wp-json\/wp\/v2\/posts"}],"about":[{"href":"https:\/\/blogdoedvaldomagalhaes.com.br\/index.php\/wp-json\/wp\/v2\/types\/post"}],"author":[{"embeddable":true,"href":"https:\/\/blogdoedvaldomagalhaes.com.br\/index.php\/wp-json\/wp\/v2\/users\/1"}],"replies":[{"embeddable":true,"href":"https:\/\/blogdoedvaldomagalhaes.com.br\/index.php\/wp-json\/wp\/v2\/comments?post=7037"}],"version-history":[{"count":1,"href":"https:\/\/blogdoedvaldomagalhaes.com.br\/index.php\/wp-json\/wp\/v2\/posts\/7037\/revisions"}],"predecessor-version":[{"id":16080,"href":"https:\/\/blogdoedvaldomagalhaes.com.br\/index.php\/wp-json\/wp\/v2\/posts\/7037\/revisions\/16080"}],"wp:attachment":[{"href":"https:\/\/blogdoedvaldomagalhaes.com.br\/index.php\/wp-json\/wp\/v2\/media?parent=7037"}],"wp:term":[{"taxonomy":"category","embeddable":true,"href":"https:\/\/blogdoedvaldomagalhaes.com.br\/index.php\/wp-json\/wp\/v2\/categories?post=7037"},{"taxonomy":"post_tag","embeddable":true,"href":"https:\/\/blogdoedvaldomagalhaes.com.br\/index.php\/wp-json\/wp\/v2\/tags?post=7037"}],"curies":[{"name":"wp","href":"https:\/\/api.w.org\/{rel}","templated":true}]}}