{"id":70368,"date":"2021-05-28T12:55:21","date_gmt":"2021-05-28T15:55:21","guid":{"rendered":"https:\/\/blogdoedvaldomagalhaes.com.br\/?p=70368"},"modified":"2021-05-28T12:55:22","modified_gmt":"2021-05-28T15:55:22","slug":"confira-os-novos-grupos-prioritarios-que-podem-se-vacinar-contra-covid-19-em-caruaru","status":"publish","type":"post","link":"https:\/\/blogdoedvaldomagalhaes.com.br\/index.php\/2021\/05\/28\/confira-os-novos-grupos-prioritarios-que-podem-se-vacinar-contra-covid-19-em-caruaru\/","title":{"rendered":"Confira os novos grupos priorit\u00e1rios que podem se vacinar contra Covid-19 em Caruaru"},"content":{"rendered":"<p style=\"text-align: justify;\"><span style=\"font-size: inherit;\">A Secretaria de Sa\u00fade de Caruaru anunciou, nesta sexta-feira (28), uma nova amplia\u00e7\u00e3o na estrat\u00e9gia de vacina\u00e7\u00e3o contra a Covid-19 no munic\u00edpio. Os novos grupos incluem trabalhadores da educa\u00e7\u00e3o, trabalhadores da limpeza urbana, motoristas e cobradores de transporte coletivo e rodovi\u00e1rio, caminhoneiros, for\u00e7a de seguran\u00e7a e salvamento, trabalhadores da sa\u00fade, assim como a popula\u00e7\u00e3o em situa\u00e7\u00e3o de rua de nossa cidade, todos a partir dos 40 anos, al\u00e9m dos p\u00fablicos que j\u00e1 foram anunciados anteriormente. Os agendamentos j\u00e1 est\u00e3o dispon\u00edveis e devem ser feitos pelo site www.vacina.caruaru.pe.gov.br ou pelo Disque-Vacina pelo 0800 281 7080.<\/span><\/p>\n<p style=\"text-align: justify;\">De acordo com a Prefeita Raquel Lyra, as novas doses que chegaram ao munic\u00edpio v\u00e3o garantir o avan\u00e7o na imuniza\u00e7\u00e3o de grupos importantes. \u201cMontaremos esquemas especiais para dar ainda mais celeridade \u00e0 vacina\u00e7\u00e3o. Nesse momento, destaque para a vacina\u00e7\u00e3o dos profissionais da educa\u00e7\u00e3o, da rede p\u00fablica e privada. Seguiremos trabalhando para garantir a imuniza\u00e7\u00e3o e sa\u00fade da nossa gente\u201d, explicou a chefe do Executivo municipal.<\/p>\n<p style=\"text-align: justify;\">A imuniza\u00e7\u00e3o acontece no Centro de Vacina\u00e7\u00e3o, que fica no Espa\u00e7o Cultural Tancredo Neves, das 7h \u00e0s 19h.<\/p>\n<p style=\"text-align: justify;\">*Documenta\u00e7\u00e3o*<\/p>\n<p style=\"text-align: justify;\">O p\u00fablico que se enquadra nessa nova fase de vacina\u00e7\u00e3o precisa apresentar documento oficial com foto, cart\u00e3o do SUS, c\u00f3pia do CPF, comprovante de resid\u00eancia.<\/p>\n<p style=\"text-align: justify;\">Para os trabalhadores de Educa\u00e7\u00e3o tamb\u00e9m ser\u00e1 preciso apresentar comprovante de v\u00ednculo ativo com a escola (contracheque) ou declara\u00e7\u00e3o emitida pela institui\u00e7\u00e3o de ensino.<\/p>\n<p style=\"text-align: justify;\">Para profissionais da for\u00e7a de seguran\u00e7a e salvamento, ser\u00e1 necess\u00e1rio apresentar comprovante de v\u00ednculo ativo com o servi\u00e7o de for\u00e7as de seguran\u00e7a e salvamento (contracheque) ou declara\u00e7\u00e3o emitida pelo servi\u00e7o que atua. Os trabalhadores de transporte coletivo e rodovi\u00e1rio, dever\u00e3o apresentar comprovante do exerc\u00edcio efetivo da fun\u00e7\u00e3o de cobrador ou motorista profissional de transporte de passageiros. Para os caminhoneiros, comprovante do exerc\u00edcio efetivo da fun\u00e7\u00e3o de motorista profissional do transporte rodovi\u00e1rios de cargas.<\/p>\n<p style=\"text-align: justify;\">Para os demais p\u00fablicos j\u00e1 autorizados, \u00e9 necess\u00e1ria a apresenta\u00e7\u00e3o do modelo de atestado para imuniza\u00e7\u00e3o de pessoas com comorbidades, que est\u00e1 dispon\u00edvel no site do munic\u00edpio (http:\/\/vacina.caruaru.pe.gov.br).<\/p>\n","protected":false},"excerpt":{"rendered":"<p>A Secretaria de Sa\u00fade de Caruaru anunciou, nesta sexta-feira (28), uma nova amplia\u00e7\u00e3o na estrat\u00e9gia de vacina\u00e7\u00e3o contra a Covid-19&hellip;<\/p>\n","protected":false},"author":1,"featured_media":70369,"comment_status":"open","ping_status":"open","sticky":false,"template":"","format":"standard","meta":{"footnotes":""},"categories":[14120],"tags":[2,19532,21750,1950,19670],"class_list":["post-70368","post","type-post","status-publish","format-standard","has-post-thumbnail","hentry","category-noticias","tag-blog-do-edvaldo-magalhaes","tag-blog-mais-acessado-e-visualizado-de-caruaru-e-regiao","tag-confira-os-novos-grupos-prioritarios-que-podem-se-vacinar-contra-covid-19-em-caruaru","tag-noticias-de-caruaru","tag-novo-coronavirus"],"_links":{"self":[{"href":"https:\/\/blogdoedvaldomagalhaes.com.br\/index.php\/wp-json\/wp\/v2\/posts\/70368","targetHints":{"allow":["GET"]}}],"collection":[{"href":"https:\/\/blogdoedvaldomagalhaes.com.br\/index.php\/wp-json\/wp\/v2\/posts"}],"about":[{"href":"https:\/\/blogdoedvaldomagalhaes.com.br\/index.php\/wp-json\/wp\/v2\/types\/post"}],"author":[{"embeddable":true,"href":"https:\/\/blogdoedvaldomagalhaes.com.br\/index.php\/wp-json\/wp\/v2\/users\/1"}],"replies":[{"embeddable":true,"href":"https:\/\/blogdoedvaldomagalhaes.com.br\/index.php\/wp-json\/wp\/v2\/comments?post=70368"}],"version-history":[{"count":1,"href":"https:\/\/blogdoedvaldomagalhaes.com.br\/index.php\/wp-json\/wp\/v2\/posts\/70368\/revisions"}],"predecessor-version":[{"id":70370,"href":"https:\/\/blogdoedvaldomagalhaes.com.br\/index.php\/wp-json\/wp\/v2\/posts\/70368\/revisions\/70370"}],"wp:featuredmedia":[{"embeddable":true,"href":"https:\/\/blogdoedvaldomagalhaes.com.br\/index.php\/wp-json\/wp\/v2\/media\/70369"}],"wp:attachment":[{"href":"https:\/\/blogdoedvaldomagalhaes.com.br\/index.php\/wp-json\/wp\/v2\/media?parent=70368"}],"wp:term":[{"taxonomy":"category","embeddable":true,"href":"https:\/\/blogdoedvaldomagalhaes.com.br\/index.php\/wp-json\/wp\/v2\/categories?post=70368"},{"taxonomy":"post_tag","embeddable":true,"href":"https:\/\/blogdoedvaldomagalhaes.com.br\/index.php\/wp-json\/wp\/v2\/tags?post=70368"}],"curies":[{"name":"wp","href":"https:\/\/api.w.org\/{rel}","templated":true}]}}