{"id":7036,"date":"2017-01-17T19:46:00","date_gmt":"2017-01-17T21:46:00","guid":{"rendered":"http:\/\/blogdoedvaldomagalhaes.com.br\/index.php\/2017\/01\/17\/animais-soltos-em-avenidas-de-caruaru\/"},"modified":"2019-02-09T01:14:00","modified_gmt":"2019-02-09T03:14:00","slug":"animais-soltos-em-avenidas-de-caruaru","status":"publish","type":"post","link":"https:\/\/blogdoedvaldomagalhaes.com.br\/index.php\/2017\/01\/17\/animais-soltos-em-avenidas-de-caruaru\/","title":{"rendered":"Animais soltos em avenidas de Caruaru correm risco de atropelamento e de causar acidente"},"content":{"rendered":"<div class=\"separator\" style=\"clear: both; text-align: center;\">\n<a href=\"https:\/\/1.bp.blogspot.com\/-yR45nB4Gqeg\/WH5ze5uVetI\/AAAAAAAANoY\/y0H8HmyiDFMom_lV6TQq3cGQYq5iZkWxwCLcB\/s1600\/animais.jpg\" imageanchor=\"1\" style=\"margin-left: 1em; margin-right: 1em;\"><img loading=\"lazy\" decoding=\"async\" border=\"0\" height=\"400\" src=\"http:\/\/blogdoedvaldomagalhaes.com.br\/wp-content\/uploads\/2017\/01\/animais.jpg\" width=\"296\" \/><\/a><\/div>\n<p><\/p>\n<div style=\"text-align: justify;\">\nEstes animais estavam soltos na manh\u00e3 desta ter\u00e7a-feira (17), nas avenidas Caruaru, no Conjunto Residencial Boa Vista e Agamenon Magalh\u00e3es, no bairro Maur\u00edcio de Nassau, correndo risco de atropelamento e podendo causar algum acidente.<\/div>\n<p><\/p>\n<div class=\"separator\" style=\"clear: both; text-align: center;\">\n<a href=\"https:\/\/3.bp.blogspot.com\/-w47WMQSMt1M\/WH5zf62XFXI\/AAAAAAAANoc\/ChwLypkO_yUw-5BRnY9AxKKB5btB1RgRgCLcB\/s1600\/animais%2B1.jpg\" imageanchor=\"1\" style=\"margin-left: 1em; margin-right: 1em;\"><img loading=\"lazy\" decoding=\"async\" border=\"0\" height=\"400\" src=\"http:\/\/blogdoedvaldomagalhaes.com.br\/wp-content\/uploads\/2017\/01\/animais1.jpg\" width=\"296\" \/><\/a><\/div>\n","protected":false},"excerpt":{"rendered":"<p>Estes animais estavam soltos na manh\u00e3 desta ter\u00e7a-feira (17), nas avenidas Caruaru, no Conjunto Residencial Boa Vista e Agamenon Magalh\u00e3es,&hellip;<\/p>\n","protected":false},"author":1,"featured_media":0,"comment_status":"open","ping_status":"open","sticky":false,"template":"","format":"standard","meta":{"footnotes":""},"categories":[1],"tags":[9676,3558,1304,2,3473,6],"class_list":["post-7036","post","type-post","status-publish","format-standard","hentry","category-sem-categoria","tag-animais-soltos-em-avenidas-de-caruaru-correm-risco-de-atropelamento-e-de-causar-acidente","tag-avenida-agamenon-magalhaes","tag-avenida-caruaru","tag-blog-do-edvaldo-magalhaes","tag-boa-vista","tag-noticias"],"_links":{"self":[{"href":"https:\/\/blogdoedvaldomagalhaes.com.br\/index.php\/wp-json\/wp\/v2\/posts\/7036","targetHints":{"allow":["GET"]}}],"collection":[{"href":"https:\/\/blogdoedvaldomagalhaes.com.br\/index.php\/wp-json\/wp\/v2\/posts"}],"about":[{"href":"https:\/\/blogdoedvaldomagalhaes.com.br\/index.php\/wp-json\/wp\/v2\/types\/post"}],"author":[{"embeddable":true,"href":"https:\/\/blogdoedvaldomagalhaes.com.br\/index.php\/wp-json\/wp\/v2\/users\/1"}],"replies":[{"embeddable":true,"href":"https:\/\/blogdoedvaldomagalhaes.com.br\/index.php\/wp-json\/wp\/v2\/comments?post=7036"}],"version-history":[{"count":1,"href":"https:\/\/blogdoedvaldomagalhaes.com.br\/index.php\/wp-json\/wp\/v2\/posts\/7036\/revisions"}],"predecessor-version":[{"id":16083,"href":"https:\/\/blogdoedvaldomagalhaes.com.br\/index.php\/wp-json\/wp\/v2\/posts\/7036\/revisions\/16083"}],"wp:attachment":[{"href":"https:\/\/blogdoedvaldomagalhaes.com.br\/index.php\/wp-json\/wp\/v2\/media?parent=7036"}],"wp:term":[{"taxonomy":"category","embeddable":true,"href":"https:\/\/blogdoedvaldomagalhaes.com.br\/index.php\/wp-json\/wp\/v2\/categories?post=7036"},{"taxonomy":"post_tag","embeddable":true,"href":"https:\/\/blogdoedvaldomagalhaes.com.br\/index.php\/wp-json\/wp\/v2\/tags?post=7036"}],"curies":[{"name":"wp","href":"https:\/\/api.w.org\/{rel}","templated":true}]}}