{"id":7034,"date":"2017-01-17T22:40:00","date_gmt":"2017-01-18T00:40:00","guid":{"rendered":"http:\/\/blogdoedvaldomagalhaes.com.br\/index.php\/2017\/01\/17\/radio-liberdade-e-lider-de-audiencia\/"},"modified":"2019-02-09T01:14:01","modified_gmt":"2019-02-09T03:14:01","slug":"radio-liberdade-e-lider-de-audiencia","status":"publish","type":"post","link":"https:\/\/blogdoedvaldomagalhaes.com.br\/index.php\/2017\/01\/17\/radio-liberdade-e-lider-de-audiencia\/","title":{"rendered":"R\u00e1dio Liberdade \u00e9 l\u00edder de audi\u00eancia com 39,3%"},"content":{"rendered":"<div class=\"separator\" style=\"clear: both; text-align: center;\">\n<a href=\"https:\/\/2.bp.blogspot.com\/-Cpm8VolI-hA\/WH6cFNl9WvI\/AAAAAAAANo8\/LDRweWFyUFggS9HPylmXnnwk9QH33wYagCLcB\/s1600\/r%25C3%25A1dios%2Bliberdade.jpg\" imageanchor=\"1\" style=\"margin-left: 1em; margin-right: 1em;\"><img loading=\"lazy\" decoding=\"async\" border=\"0\" height=\"395\" src=\"http:\/\/blogdoedvaldomagalhaes.com.br\/wp-content\/uploads\/2017\/01\/rC3A1diosliberdade.jpg\" width=\"400\" \/><\/a><\/div>\n<div class=\"separator\" style=\"clear: both; text-align: center;\">\n<\/div>\n<div class=\"separator\" style=\"clear: both; text-align: justify;\">\nA R\u00e1dio Liberdade \u00e9 L\u00edder de Audi\u00eancia com 39,3 no Share Geral, na pesquisa realizada em Caruaru, pelo Grupo 6Sigma. A diferen\u00e7a para a segunda colocada na pesquisa anterior era de 17,2% e agora passou para 21,3%. A lideran\u00e7a da emissora acontece h\u00e1 mais de 10 anos.&nbsp;<\/div>\n<div class=\"separator\" style=\"clear: both; text-align: justify;\">\n<\/div>\n<div class=\"separator\" style=\"clear: both; text-align: justify;\">\nO gerente geral da Liberdade, Ivan Feitosa, agradece: &#8221;&nbsp;Que as primeiras palavras sejam de gratid\u00e3o aos ouvintes das R\u00e1dios Liberdade FM\/AM, mais uma vez somos l\u00edderes de audi\u00eancia com 39,3% ,isso representa o dobro da segunda colocada. A todos os funcion\u00e1rios da Liberdade dedicamos essa lideran\u00e7a.Obrigado ao nosso presidente LUIZ LACERDA e toda familia Lacerda pelo apoio que nos \u00e9 dispensado para que fa\u00e7amos cada vez mais um R\u00e1dio jovem,atual e que seja a fonte de informa\u00e7\u00e3o e divers\u00e3o do povo do agreste pernambucano. Viva a Liberdade, viva voc\u00ea ouvinte. Na LIBERDADE \u00c9 BEM MELHOR&#8221;.<\/div>\n<div class=\"separator\" style=\"clear: both; text-align: justify;\">\n<\/div>\n<div class=\"separator\" style=\"clear: both; text-align: justify;\">\no gerente de programa\u00e7\u00e3o, S\u00f3crates da Silva e toda equipe comemoram o sucesso junto aos ouvintes da emissora.&nbsp;<\/div>\n<div style=\"text-align: justify;\">\n<\/div>\n","protected":false},"excerpt":{"rendered":"<p>A R\u00e1dio Liberdade \u00e9 L\u00edder de Audi\u00eancia com 39,3 no Share Geral, na pesquisa realizada em Caruaru, pelo Grupo 6Sigma.&hellip;<\/p>\n","protected":false},"author":1,"featured_media":0,"comment_status":"open","ping_status":"open","sticky":false,"template":"","format":"standard","meta":{"footnotes":""},"categories":[1],"tags":[9373,2,9671,4307,6,9672,4696],"class_list":["post-7034","post","type-post","status-publish","format-standard","hentry","category-sem-categoria","tag-9373","tag-blog-do-edvaldo-magalhaes","tag-grupo-6sigma","tag-ivan-feitosa","tag-noticias","tag-radio-liberdade-e-lider-de-audiencia-com-39","tag-socrates-da-silva"],"_links":{"self":[{"href":"https:\/\/blogdoedvaldomagalhaes.com.br\/index.php\/wp-json\/wp\/v2\/posts\/7034","targetHints":{"allow":["GET"]}}],"collection":[{"href":"https:\/\/blogdoedvaldomagalhaes.com.br\/index.php\/wp-json\/wp\/v2\/posts"}],"about":[{"href":"https:\/\/blogdoedvaldomagalhaes.com.br\/index.php\/wp-json\/wp\/v2\/types\/post"}],"author":[{"embeddable":true,"href":"https:\/\/blogdoedvaldomagalhaes.com.br\/index.php\/wp-json\/wp\/v2\/users\/1"}],"replies":[{"embeddable":true,"href":"https:\/\/blogdoedvaldomagalhaes.com.br\/index.php\/wp-json\/wp\/v2\/comments?post=7034"}],"version-history":[{"count":1,"href":"https:\/\/blogdoedvaldomagalhaes.com.br\/index.php\/wp-json\/wp\/v2\/posts\/7034\/revisions"}],"predecessor-version":[{"id":16088,"href":"https:\/\/blogdoedvaldomagalhaes.com.br\/index.php\/wp-json\/wp\/v2\/posts\/7034\/revisions\/16088"}],"wp:attachment":[{"href":"https:\/\/blogdoedvaldomagalhaes.com.br\/index.php\/wp-json\/wp\/v2\/media?parent=7034"}],"wp:term":[{"taxonomy":"category","embeddable":true,"href":"https:\/\/blogdoedvaldomagalhaes.com.br\/index.php\/wp-json\/wp\/v2\/categories?post=7034"},{"taxonomy":"post_tag","embeddable":true,"href":"https:\/\/blogdoedvaldomagalhaes.com.br\/index.php\/wp-json\/wp\/v2\/tags?post=7034"}],"curies":[{"name":"wp","href":"https:\/\/api.w.org\/{rel}","templated":true}]}}