{"id":7033,"date":"2017-01-17T23:06:00","date_gmt":"2017-01-18T01:06:00","guid":{"rendered":"http:\/\/blogdoedvaldomagalhaes.com.br\/index.php\/2017\/01\/17\/familia-de-caruaru-e-vitima-de\/"},"modified":"2019-02-09T01:14:02","modified_gmt":"2019-02-09T03:14:02","slug":"familia-de-caruaru-e-vitima-de","status":"publish","type":"post","link":"https:\/\/blogdoedvaldomagalhaes.com.br\/index.php\/2017\/01\/17\/familia-de-caruaru-e-vitima-de\/","title":{"rendered":"Fam\u00edlia sofre tentativa de assalto em Tamandar\u00e9 (PE)"},"content":{"rendered":"<div class=\"separator\" style=\"clear: both; text-align: center;\">\n<a href=\"https:\/\/3.bp.blogspot.com\/-XnyEqR71sYg\/WH6haaHawOI\/AAAAAAAANpM\/fL00zZukj7Ei-XwbsU0CvHDuSd3rFOcCQCLcB\/s1600\/ellemento.jpg\" imageanchor=\"1\" style=\"margin-left: 1em; margin-right: 1em;\"><img loading=\"lazy\" decoding=\"async\" border=\"0\" height=\"400\" src=\"http:\/\/blogdoedvaldomagalhaes.com.br\/wp-content\/uploads\/2017\/01\/ellemento.jpg\" width=\"225\" \/><\/a><\/div>\n<div class=\"separator\" style=\"clear: both; text-align: center;\">\n<\/div>\n<div class=\"separator\" style=\"clear: both; text-align: justify;\">\nUma fam\u00edlia caruaruense foi passar as f\u00e9rias em Tamandar\u00e9, litoral sul de Pernambuco, e foi surpreendida por dois homens, acusados de uma tentativa de assalto. Leiam com aten\u00e7\u00e3o abaixo, a narra\u00e7\u00e3o do fato pela jovem Bruna Mergulh\u00e3o, que desabafou no seu perfil no Facebook.<\/div>\n<div class=\"separator\" style=\"clear: both; text-align: justify;\">\n<\/div>\n<div class=\"separator\" style=\"clear: both; text-align: center;\">\n<\/div>\n<div style=\"text-align: justify;\">\n<i><b>&#8220;Pessoal vou relatar um pouco do p\u00e2nico que passei esse fds, onde era p ser mais um momento de felicidade, fomos alvo da viol\u00eancia que est\u00e1 assombrando o litoral sul de Pernambuco, principalmente a cidade de Tamandar\u00e9, esse fim de semana eu e minha fam\u00edlia, quase 25 pessoas, fomos assaltados, alguns jovens ao chegar do show, continuaram conversando na sala da casa, onde foram surpreendidos por dois caras armados que roubaram celulares, carteiras e alguns pertences, n\u00e3o bastando&nbsp;isso, mais um meliante adentrou na resid\u00eancia querendo mais ouro, como ele mesmo falava, a casa tem um primeiro andar onde se encontrava pessoas idosas e crian\u00e7as dormindo, e o mesmo insistia em subir para continuar o roubo, quando foi surpreendido por meu primo que descia para pedir sil\u00eancio aos jovens sem saber o que estava acontecendo, ao ver ele, os bandidos apontaram uma arma de fabrica\u00e7\u00e3o caseira, parecendo uma doze, e nesse momento a arma foi disparada, ao escutar o barulho enorme, as demais pessoas que dormiam acordaram e foi nesse momento que come\u00e7amos a gritar por ajuda&#8221;.<\/b><\/i><\/p>\n<p>Ela continua relatando o fato,&nbsp;<i><b>&#8220;eu me encontrava no primeiro andar e n\u00e3o sabia o que estava acontecendo e quem possivelmente tinha sido baleado, me tranquei em um dos banheiros com as crian\u00e7as e consegui ligar para um amigo pedindo socorro, por sorte este amigo se encontrava com um sargento, onde dirigiram imediatamente para minha casa, enquanto eu estava pedindo ajuda, a pessoa baleada foi um dos pr\u00f3prios assaltantes, os outros dois conseguiram fugir, nesse momento chega o sargento p nos ajudar, tentamos entrar em contato com a pol\u00edcia de Tamandar\u00e9, mas n\u00e3o tinha ningu\u00e9m de plant\u00e3o, depois de quase uma hora foi ent\u00e3o que a pol\u00edcia chegou, o desespero foi imenso, mas gra\u00e7as a Deus, que nos protegeu, nada passou de um grande susto, o baleado perdeu uma parte da perna, e ap\u00f3s a pol\u00edcia BEPI chegar para dar refor\u00e7o a ocorr\u00eancia, mais um dos meliantes foi detido&#8221;.<\/b><\/i><\/div>\n<div style=\"text-align: justify;\">\n<\/div>\n<p><\/p>\n<div style=\"text-align: justify;\">\nA jovem acrescenta ainda, <i><b>&#8220;Fica aqui minha indigna\u00e7\u00e3o a seguran\u00e7a de uma cidade tur\u00edstica do porte de Tamandar\u00e9, principalmente na praia dos Carneiros , considerada uma das praias mais belas do Brasil, que recebe turista do mundo inteiro, que est\u00e1 abandonada pela seguran\u00e7a p\u00fablica.&nbsp;<\/b><\/i><i><b>Esse n\u00e3o foi o \u00fanico assalto na regi\u00e3o, ficamos sabendo que v\u00e1rias outras casas tamb\u00e9m tinham sido assaltadas, acabou com nossas f\u00e9rias e de todos os vizinhos que ficaram apavorados indo embora tamb\u00e9m&#8221;.<\/b><\/i><\/div>\n","protected":false},"excerpt":{"rendered":"<p>Uma fam\u00edlia caruaruense foi passar as f\u00e9rias em Tamandar\u00e9, litoral sul de Pernambuco, e foi surpreendida por dois homens, acusados&hellip;<\/p>\n","protected":false},"author":1,"featured_media":0,"comment_status":"open","ping_status":"open","sticky":false,"template":"","format":"standard","meta":{"footnotes":""},"categories":[1],"tags":[2,9670,13],"class_list":["post-7033","post","type-post","status-publish","format-standard","hentry","category-sem-categoria","tag-blog-do-edvaldo-magalhaes","tag-familia-de-caruaru-e-vitima-de-tentativa-de-assalto-em-tamandare-e-jovem-desabafa-em-redes-sociais","tag-policial"],"_links":{"self":[{"href":"https:\/\/blogdoedvaldomagalhaes.com.br\/index.php\/wp-json\/wp\/v2\/posts\/7033","targetHints":{"allow":["GET"]}}],"collection":[{"href":"https:\/\/blogdoedvaldomagalhaes.com.br\/index.php\/wp-json\/wp\/v2\/posts"}],"about":[{"href":"https:\/\/blogdoedvaldomagalhaes.com.br\/index.php\/wp-json\/wp\/v2\/types\/post"}],"author":[{"embeddable":true,"href":"https:\/\/blogdoedvaldomagalhaes.com.br\/index.php\/wp-json\/wp\/v2\/users\/1"}],"replies":[{"embeddable":true,"href":"https:\/\/blogdoedvaldomagalhaes.com.br\/index.php\/wp-json\/wp\/v2\/comments?post=7033"}],"version-history":[{"count":1,"href":"https:\/\/blogdoedvaldomagalhaes.com.br\/index.php\/wp-json\/wp\/v2\/posts\/7033\/revisions"}],"predecessor-version":[{"id":16090,"href":"https:\/\/blogdoedvaldomagalhaes.com.br\/index.php\/wp-json\/wp\/v2\/posts\/7033\/revisions\/16090"}],"wp:attachment":[{"href":"https:\/\/blogdoedvaldomagalhaes.com.br\/index.php\/wp-json\/wp\/v2\/media?parent=7033"}],"wp:term":[{"taxonomy":"category","embeddable":true,"href":"https:\/\/blogdoedvaldomagalhaes.com.br\/index.php\/wp-json\/wp\/v2\/categories?post=7033"},{"taxonomy":"post_tag","embeddable":true,"href":"https:\/\/blogdoedvaldomagalhaes.com.br\/index.php\/wp-json\/wp\/v2\/tags?post=7033"}],"curies":[{"name":"wp","href":"https:\/\/api.w.org\/{rel}","templated":true}]}}