{"id":7029,"date":"2017-01-18T15:04:00","date_gmt":"2017-01-18T17:04:00","guid":{"rendered":"http:\/\/blogdoedvaldomagalhaes.com.br\/index.php\/2017\/01\/18\/operacao-desarticula-quadrilha-de\/"},"modified":"2019-02-09T01:14:04","modified_gmt":"2019-02-09T03:14:04","slug":"operacao-desarticula-quadrilha-de","status":"publish","type":"post","link":"https:\/\/blogdoedvaldomagalhaes.com.br\/index.php\/2017\/01\/18\/operacao-desarticula-quadrilha-de\/","title":{"rendered":"Opera\u00e7\u00e3o desarticula quadrilha de assaltantes no Agreste e Sert\u00e3o"},"content":{"rendered":"<div class=\"separator\" style=\"clear: both; text-align: center;\">\n<a href=\"https:\/\/3.bp.blogspot.com\/-vBFTQ_3BrgQ\/WH-C3l68MkI\/AAAAAAAANqQ\/9J9kqGhsPjko7kHdaqCwCV1QAjqhInPWACLcB\/s1600\/protesto.jpg\" imageanchor=\"1\" style=\"margin-left: 1em; margin-right: 1em;\"><img loading=\"lazy\" decoding=\"async\" border=\"0\" height=\"225\" src=\"http:\/\/blogdoedvaldomagalhaes.com.br\/wp-content\/uploads\/2017\/01\/protesto-1.jpg\" width=\"400\" \/><\/a><\/div>\n<div style=\"text-align: justify;\">\n<\/div>\n<div style=\"text-align: justify;\">\nDiante do clamor p\u00fablico gerado pela comunidade do Alto do Moura e pela necessidade em adotar provid\u00eancias com obten\u00e7\u00e3o de resultados, o N\u00facleo de Intelig\u00eancia Agreste (NIA), ap\u00f3s realiza\u00e7\u00e3o de servi\u00e7o secreto minucioso, trabalhando a partir do levantamento de dados e informa\u00e7\u00f5es que pudessem chegar \u00e0 captura dos elementos que atuam praticando assaltos naquele bairro, desencadeou a Opera\u00e7\u00e3o Maracaj\u00e1s, em car\u00e1ter tamb\u00e9m sigiloso desde \u00e0s 15h desta ter\u00e7a-feira (17), com apoio de equipes do BEPI.<\/p>\n<p><\/p>\n<div class=\"separator\" style=\"clear: both; text-align: center;\">\n<a href=\"https:\/\/1.bp.blogspot.com\/-_xSB8jEVwME\/WH-giRnlj7I\/AAAAAAAANqk\/946SclHjaBcNp3UZBIKEkuQhVSmW8tJwQCLcB\/s1600\/opera%25C3%25A7%25C3%25A3o.jpg\" imageanchor=\"1\" style=\"margin-left: 1em; margin-right: 1em;\"><img loading=\"lazy\" decoding=\"async\" border=\"0\" height=\"218\" src=\"http:\/\/blogdoedvaldomagalhaes.com.br\/wp-content\/uploads\/2017\/01\/operaC3A7C3A3o.jpg\" width=\"400\" \/><\/a><\/div>\n<p>\nA opera\u00e7\u00e3o teve seu in\u00edcio no Distrito de Taquara, resultando em 03 presos, seguindo para Arcoverde, onde rendeu mais 05 presos, passando por Serra Talhada, onde houve a pris\u00e3o de outros 02 envolvidos nas dilig\u00eancias (dentre estes, um PM de Serra Talhada), encerrando \u00e0s 6h de hoje neste \u00faltimo munic\u00edpio e totalizando 10 conduzidos.<\/p>\n<p><\/p>\n<div class=\"separator\" style=\"clear: both; text-align: center;\">\n<a href=\"https:\/\/2.bp.blogspot.com\/-c69Awnm9wYQ\/WH-gpOJIE6I\/AAAAAAAANqo\/2DILadcbTe8VX_AT5K_5UcIuk5FGE4IEACLcB\/s1600\/opera%25C3%25A7%25C3%25A3o%2B1.jpg\" imageanchor=\"1\" style=\"margin-left: 1em; margin-right: 1em;\"><img loading=\"lazy\" decoding=\"async\" border=\"0\" height=\"225\" src=\"http:\/\/blogdoedvaldomagalhaes.com.br\/wp-content\/uploads\/2017\/01\/operaC3A7C3A3o1.jpg\" width=\"400\" \/><\/a><\/div>\n<p>\nTudo come\u00e7ou com o aux\u00edlio comunit\u00e1rio do 4\u00ba BPM, que reuniu a popula\u00e7\u00e3o local, conseguindo colaboradores e, da\u00ed ent\u00e3o, o NIA identificou e localizou meliantes e v\u00edtimas, dando cumprimento a 01 mandado de pris\u00e3o expedido, o qual, consequentemente, levou-se aos demais criminosos.<\/p>\n<div class=\"separator\" style=\"clear: both; text-align: center;\">\n<a href=\"https:\/\/1.bp.blogspot.com\/-GQ-kKgerkds\/WICSwzPSGhI\/AAAAAAAANtg\/v4AwiTG_7bURX8bVyqHCGT9amA3X3ULdgCLcB\/s1600\/carro.JPG\" imageanchor=\"1\" style=\"margin-left: 1em; margin-right: 1em;\"><img loading=\"lazy\" decoding=\"async\" border=\"0\" height=\"265\" src=\"http:\/\/blogdoedvaldomagalhaes.com.br\/wp-content\/uploads\/2017\/01\/carro-1.jpg\" width=\"400\" \/><\/a><\/div>\n<p>\nO saldo de material apreendido foram 04 ve\u00edculos, em que 02 eram roubados, 01 clonado e 01 moto XRE-300 utilizada nas condutas delituosas. Ademais, 03 armas de fogo foram retiradas de circula\u00e7\u00e3o, sendo uma delas utilizada em uma negocia\u00e7\u00e3o, alvo de recepta\u00e7\u00e3o cometida pelo PM retromencionado.<\/p>\n<div class=\"separator\" style=\"clear: both; text-align: center;\">\n<a href=\"https:\/\/2.bp.blogspot.com\/-RD8CYA86ogs\/WICS2NXU6aI\/AAAAAAAANtk\/NKR6CNnOknopYUp2dCWVratTYDGDFCZTQCLcB\/s1600\/arma.JPG\" imageanchor=\"1\" style=\"margin-left: 1em; margin-right: 1em;\"><img loading=\"lazy\" decoding=\"async\" border=\"0\" height=\"265\" src=\"http:\/\/blogdoedvaldomagalhaes.com.br\/wp-content\/uploads\/2017\/01\/arma.jpg\" width=\"400\" \/><\/a><\/div>\n<p>\nAs equipes participantes da presente Opera\u00e7\u00e3o se deslocam para Caruaru, de onde tudo come\u00e7ou, a fim de que possam ser realizados os procedimentos de praxe, na apresenta\u00e7\u00e3o de todo o aparato obtido ao Delegado de Pol\u00edcia Civil.<\/div>\n","protected":false},"excerpt":{"rendered":"<p>Diante do clamor p\u00fablico gerado pela comunidade do Alto do Moura e pela necessidade em adotar provid\u00eancias com obten\u00e7\u00e3o de&hellip;<\/p>\n","protected":false},"author":1,"featured_media":0,"comment_status":"open","ping_status":"open","sticky":false,"template":"","format":"standard","meta":{"footnotes":""},"categories":[1],"tags":[3975,3293,3406,9661,9662,13,9663,9664],"class_list":["post-7029","post","type-post","status-publish","format-standard","hentry","category-sem-categoria","tag-4o-bpm","tag-alto-do-moura","tag-caruaru","tag-nucleo-de-inteligencia-agreste-nia","tag-operacao-maracajas-desarticula-quadrilha-de-assaltantes","tag-policial","tag-taquara","tag-tenente-coronel-ely-jobson-bezerra-de-melo"],"_links":{"self":[{"href":"https:\/\/blogdoedvaldomagalhaes.com.br\/index.php\/wp-json\/wp\/v2\/posts\/7029","targetHints":{"allow":["GET"]}}],"collection":[{"href":"https:\/\/blogdoedvaldomagalhaes.com.br\/index.php\/wp-json\/wp\/v2\/posts"}],"about":[{"href":"https:\/\/blogdoedvaldomagalhaes.com.br\/index.php\/wp-json\/wp\/v2\/types\/post"}],"author":[{"embeddable":true,"href":"https:\/\/blogdoedvaldomagalhaes.com.br\/index.php\/wp-json\/wp\/v2\/users\/1"}],"replies":[{"embeddable":true,"href":"https:\/\/blogdoedvaldomagalhaes.com.br\/index.php\/wp-json\/wp\/v2\/comments?post=7029"}],"version-history":[{"count":1,"href":"https:\/\/blogdoedvaldomagalhaes.com.br\/index.php\/wp-json\/wp\/v2\/posts\/7029\/revisions"}],"predecessor-version":[{"id":16103,"href":"https:\/\/blogdoedvaldomagalhaes.com.br\/index.php\/wp-json\/wp\/v2\/posts\/7029\/revisions\/16103"}],"wp:attachment":[{"href":"https:\/\/blogdoedvaldomagalhaes.com.br\/index.php\/wp-json\/wp\/v2\/media?parent=7029"}],"wp:term":[{"taxonomy":"category","embeddable":true,"href":"https:\/\/blogdoedvaldomagalhaes.com.br\/index.php\/wp-json\/wp\/v2\/categories?post=7029"},{"taxonomy":"post_tag","embeddable":true,"href":"https:\/\/blogdoedvaldomagalhaes.com.br\/index.php\/wp-json\/wp\/v2\/tags?post=7029"}],"curies":[{"name":"wp","href":"https:\/\/api.w.org\/{rel}","templated":true}]}}