{"id":7020,"date":"2017-01-19T01:27:00","date_gmt":"2017-01-19T03:27:00","guid":{"rendered":"http:\/\/blogdoedvaldomagalhaes.com.br\/index.php\/2017\/01\/19\/central-salgueiro-vitoria-e-belo-jardi\/"},"modified":"2019-02-09T01:14:11","modified_gmt":"2019-02-09T03:14:11","slug":"central-salgueiro-vitoria-e-belo-jardi","status":"publish","type":"post","link":"https:\/\/blogdoedvaldomagalhaes.com.br\/index.php\/2017\/01\/19\/central-salgueiro-vitoria-e-belo-jardi\/","title":{"rendered":"Central, Salgueiro, Vit\u00f3ria e Belo Jardim vencem pelo Pernambucano e quatro times est\u00e3o desclassificados"},"content":{"rendered":"<div class=\"separator\" style=\"clear: both; text-align: center;\">\n<a href=\"https:\/\/1.bp.blogspot.com\/-2TF-UfI2OWY\/WIAVpRqAvNI\/AAAAAAAANs8\/xCx5d_pSQbYlTEGmNx0W6z28-EiQnTwgwCLcB\/s1600\/central%2Bsc.jpg\" imageanchor=\"1\" style=\"margin-left: 1em; margin-right: 1em;\"><img loading=\"lazy\" decoding=\"async\" border=\"0\" height=\"221\" src=\"http:\/\/blogdoedvaldomagalhaes.com.br\/wp-content\/uploads\/2017\/01\/centralsc-5.jpg\" width=\"400\" \/><\/a><\/div>\n<div class=\"separator\" style=\"clear: both; text-align: center;\">\nFoto: Reprodu\u00e7\u00e3o WhatsApp\/Dayvson Roberto<\/div>\n<div style=\"text-align: justify;\">\n<\/div>\n<div style=\"text-align: justify;\">\nO Campeonato Pernambucano da S\u00e9rie A1 teve sequ\u00eancia nesta quarta-feira (18), com a realiza\u00e7\u00e3o de quatro partidas v\u00e1lidas pela da 5\u00aa rodada, com os seguintes resultados:<\/div>\n<div style=\"text-align: justify;\">\n<\/div>\n<div style=\"text-align: justify;\">\nBelo Jardim 1&#215;0 Afogados da Ingazeira, gol de Vandinho aos 03 minutos do 1\u00ba tempo, no Est\u00e1dio Ant\u00f4nio In\u00e1cio de Souza (Vera Cruz), em Caruaru, \u00fanico jogo da tarde, os outros tr\u00eas foram \u00e0 noite.<\/div>\n<div style=\"text-align: justify;\">\n<\/div>\n<div style=\"text-align: justify;\">\nSerra Talhada 0x1 Central, gol de Kleitinho no 1\u00ba tempo, no Est\u00e1dio Nildo Pereira (Pereir\u00e3o), em Serra Talhada.&nbsp;P\u00fablico: 568 e&nbsp;Renda: R$ 3.200<\/div>\n<div style=\"text-align: justify;\">\n<\/div>\n<div style=\"text-align: justify;\">\nAtl\u00e9tico-PE 0x1 Vit\u00f3ria, gol de Oliveira aos 48 do 2\u00ba tempo, no Est\u00e1dio Paulo Petribu, em Carpina.<\/div>\n<div style=\"text-align: justify;\">\n<\/div>\n<div style=\"text-align: justify;\">\nAm\u00e9rica 1&#215;3 Salgueiro, gols de Valdeir (2) e William Lira para o Carcar\u00e1, enquanto Diego diminuiu para o Periquito, no Est\u00e1dio Ademir Cunha, em Paulista. P\u00fablico: 368 torcedores e renda de R$ 2 mil.<\/p>\n<p><\/p>\n<div class=\"separator\" style=\"clear: both; text-align: center;\">\n<a href=\"https:\/\/4.bp.blogspot.com\/-sZVsK-RjwA4\/WIAWSHwgqSI\/AAAAAAAANtA\/bQBDDxykxhM-0CA3fLW2XPoE7DeZ-uqpACLcB\/s1600\/salgueiro.jpg\" imageanchor=\"1\" style=\"margin-left: 1em; margin-right: 1em;\"><img loading=\"lazy\" decoding=\"async\" border=\"0\" height=\"267\" src=\"http:\/\/blogdoedvaldomagalhaes.com.br\/wp-content\/uploads\/2017\/01\/salgueiro.jpg\" width=\"400\" \/><\/a><\/div>\n<div class=\"separator\" style=\"clear: both; text-align: center;\">\nFoto: Genival Fernandes<\/div>\n<p><\/div>\n<div style=\"text-align: justify;\">\n<b>Classifica\u00e7\u00e3o Geral:&nbsp;<\/b><\/div>\n<div style=\"text-align: justify;\">\n<b><br \/><\/b><\/div>\n<div style=\"text-align: justify;\">\n1\u00ba colocado Salgueiro com 12 pontos ganhos e saldo positivo de 07 gols,com 100% de aproveitamento, j\u00e1 est\u00e1 classificado<\/div>\n<div style=\"text-align: justify;\">\n2\u00ba colocado Central com 10 pontos ganhos &nbsp;e saldo positivo de 05 gols<\/div>\n<div style=\"text-align: justify;\">\n3\u00ba colocado Vit\u00f3ria com 08 pontos ganhos e saldo positivo de 01 gol<\/div>\n<div style=\"text-align: justify;\">\n4\u00ba colocado Belo Jardim com 06 pontos ganhos e saldo positivo de 01 gol<\/div>\n<div style=\"text-align: justify;\">\n5\u00ba colocado Flamengo de Arcoverde com 05 pontos ganhos e saldo 0<\/div>\n<div style=\"text-align: justify;\">\n6\u00ba colocado Atletico-PE com 03 pontos ganhos e saldo negativo de 02 gols, j\u00e1 est\u00e1 desclassificado<\/div>\n<div style=\"text-align: justify;\">\n7\u00ba colocado Am\u00e9rica com 03 pontos ganhos e saldo negativo de 05 gols, j\u00e1 est\u00e1 desclassificado&nbsp;<\/div>\n<div style=\"text-align: justify;\">\n8\u00ba colocado Serra Talhada com 02 pontos ganhos saldo negativo de 03 gols, j\u00e1 est\u00e1 desclassificado<\/div>\n<div style=\"text-align: justify;\">\n9\u00ba colocado Afogados da Ingazeira com 02 pontos ganhos e saldo negativo de 03 gols, j\u00e1 est\u00e1 desclassificado<\/p>\n<p><\/p>\n<div style=\"text-align: justify;\">\nA 6\u00aa rodada do Pernambucano acontece no pr\u00f3ximo domingo (22), com outros quarto partidas: Belo Jardim x Serra Talhada, \u00e0s 15h, no est\u00e1dio Ant\u00f4nio In\u00e1cio de Souza, em Caruaru. No mesmo hor\u00e1rio, Flamengo de Arcoverde x Atl\u00e9tico-PE, no Est\u00e1dio \u00c1ureo Bradley. \u00c0s 16h tem dois jogos, Salgueiro x Central, no Est\u00e1dio Corn\u00e9lio de Barros, e no Est\u00e1dio Vian\u00e3o, Afogados x Am\u00e9rica-PE.<\/div>\n<\/div>\n","protected":false},"excerpt":{"rendered":"<p>Foto: Reprodu\u00e7\u00e3o WhatsApp\/Dayvson Roberto O Campeonato Pernambucano da S\u00e9rie A1 teve sequ\u00eancia nesta quarta-feira (18), com a realiza\u00e7\u00e3o de quatro&hellip;<\/p>\n","protected":false},"author":1,"featured_media":0,"comment_status":"open","ping_status":"open","sticky":false,"template":"","format":"standard","meta":{"footnotes":""},"categories":[1],"tags":[2,3335,3,3337,9652],"class_list":["post-7020","post","type-post","status-publish","format-standard","hentry","category-sem-categoria","tag-blog-do-edvaldo-magalhaes","tag-central","tag-futebol","tag-salgueiro","tag-vitoria-e-belo-jardim-vencem-pelo-pernambucano-e-quatro-times-estao-desclassificados"],"_links":{"self":[{"href":"https:\/\/blogdoedvaldomagalhaes.com.br\/index.php\/wp-json\/wp\/v2\/posts\/7020","targetHints":{"allow":["GET"]}}],"collection":[{"href":"https:\/\/blogdoedvaldomagalhaes.com.br\/index.php\/wp-json\/wp\/v2\/posts"}],"about":[{"href":"https:\/\/blogdoedvaldomagalhaes.com.br\/index.php\/wp-json\/wp\/v2\/types\/post"}],"author":[{"embeddable":true,"href":"https:\/\/blogdoedvaldomagalhaes.com.br\/index.php\/wp-json\/wp\/v2\/users\/1"}],"replies":[{"embeddable":true,"href":"https:\/\/blogdoedvaldomagalhaes.com.br\/index.php\/wp-json\/wp\/v2\/comments?post=7020"}],"version-history":[{"count":1,"href":"https:\/\/blogdoedvaldomagalhaes.com.br\/index.php\/wp-json\/wp\/v2\/posts\/7020\/revisions"}],"predecessor-version":[{"id":16126,"href":"https:\/\/blogdoedvaldomagalhaes.com.br\/index.php\/wp-json\/wp\/v2\/posts\/7020\/revisions\/16126"}],"wp:attachment":[{"href":"https:\/\/blogdoedvaldomagalhaes.com.br\/index.php\/wp-json\/wp\/v2\/media?parent=7020"}],"wp:term":[{"taxonomy":"category","embeddable":true,"href":"https:\/\/blogdoedvaldomagalhaes.com.br\/index.php\/wp-json\/wp\/v2\/categories?post=7020"},{"taxonomy":"post_tag","embeddable":true,"href":"https:\/\/blogdoedvaldomagalhaes.com.br\/index.php\/wp-json\/wp\/v2\/tags?post=7020"}],"curies":[{"name":"wp","href":"https:\/\/api.w.org\/{rel}","templated":true}]}}