{"id":702,"date":"2018-11-15T12:58:00","date_gmt":"2018-11-15T14:58:00","guid":{"rendered":"http:\/\/blogdoedvaldomagalhaes.com.br\/index.php\/2018\/11\/15\/tony-gel-registra-aniversario-de\/"},"modified":"2019-02-09T02:39:46","modified_gmt":"2019-02-09T04:39:46","slug":"tony-gel-registra-aniversario-de","status":"publish","type":"post","link":"https:\/\/blogdoedvaldomagalhaes.com.br\/index.php\/2018\/11\/15\/tony-gel-registra-aniversario-de\/","title":{"rendered":"Tony Gel registra anivers\u00e1rio de batalh\u00e3o de pol\u00edcia especializado em Caruaru"},"content":{"rendered":"<div class=\"separator\" style=\"clear: both; text-align: center;\">\n<a href=\"https:\/\/4.bp.blogspot.com\/-Ucvc7FQ5w3U\/W-1tVEL1z1I\/AAAAAAAA9nw\/nuXd3aIBU38d2mUBSRSE-wpRR3lXJBwJQCLcBGAs\/s1600\/tony.jpg\" imageanchor=\"1\" style=\"margin-left: 1em; margin-right: 1em;\"><img loading=\"lazy\" decoding=\"async\" border=\"0\" data-original-height=\"440\" data-original-width=\"660\" height=\"426\" src=\"http:\/\/blogdoedvaldomagalhaes.com.br\/wp-content\/uploads\/2018\/11\/tony.jpg\" width=\"640\" \/><\/a><\/div>\n<p><\/p>\n<div style=\"text-align: justify;\">\nA passagem de um ano da implanta\u00e7\u00e3o do 1\u00b0 Batalh\u00e3o Integrado Especializado (Biesp), em Caruaru (Agreste), mereceu pronunciamento do deputado Tony Gel (MDB) na Reuni\u00e3o Plen\u00e1ria desta quarta (14). \u201cS\u00e3o 365 dias de bons resultados. Ainda n\u00e3o atingimos o ideal, mas \u00e9 importante dizer que a criminalidade vem sendo reduzida m\u00eas a m\u00eas\u201d, comemorou.<\/div>\n<div style=\"text-align: justify;\">\n<\/div>\n<div style=\"text-align: justify;\">\n\u201cHav\u00edamos solicitado ao governador Paulo C\u00e2mara a instala\u00e7\u00e3o dessa unidade para refor\u00e7ar a seguran\u00e7a em toda a regi\u00e3o. Apesar das dificuldades, ele n\u00e3o mediu esfor\u00e7os e presenteou Caruaru e o Agreste, em 2017, com um batalh\u00e3o moderno de pol\u00edcia, que conta com 300 profissionais e vem combatendo v\u00e1rios tipos de delito, inclusive o crime organizado\u201d, recordou o parlamentar.<\/div>\n<div style=\"text-align: justify;\">\n<\/div>\n<div style=\"text-align: justify;\">\nO emedebista saudou os oficiais e pra\u00e7as da Pol\u00edcia Militar que comp\u00f5em o 1\u00ba Biesp nas pessoas do comandante da unidade, o tenente-coronel Ant\u00f4nio Menezes, e do subcomandante, o major Fl\u00e1vio Carneiro.<\/div>\n<div style=\"text-align: justify;\">\n<\/div>\n","protected":false},"excerpt":{"rendered":"<p>A passagem de um ano da implanta\u00e7\u00e3o do 1\u00b0 Batalh\u00e3o Integrado Especializado (Biesp), em Caruaru (Agreste), mereceu pronunciamento do deputado&hellip;<\/p>\n","protected":false},"author":1,"featured_media":0,"comment_status":"open","ping_status":"open","sticky":false,"template":"","format":"standard","meta":{"footnotes":""},"categories":[1],"tags":[2,20,641],"class_list":["post-702","post","type-post","status-publish","format-standard","hentry","category-sem-categoria","tag-blog-do-edvaldo-magalhaes","tag-politica","tag-tony-gel-registra-aniversario-de-batalhao-de-policia-especializado-em-caruaru"],"_links":{"self":[{"href":"https:\/\/blogdoedvaldomagalhaes.com.br\/index.php\/wp-json\/wp\/v2\/posts\/702","targetHints":{"allow":["GET"]}}],"collection":[{"href":"https:\/\/blogdoedvaldomagalhaes.com.br\/index.php\/wp-json\/wp\/v2\/posts"}],"about":[{"href":"https:\/\/blogdoedvaldomagalhaes.com.br\/index.php\/wp-json\/wp\/v2\/types\/post"}],"author":[{"embeddable":true,"href":"https:\/\/blogdoedvaldomagalhaes.com.br\/index.php\/wp-json\/wp\/v2\/users\/1"}],"replies":[{"embeddable":true,"href":"https:\/\/blogdoedvaldomagalhaes.com.br\/index.php\/wp-json\/wp\/v2\/comments?post=702"}],"version-history":[{"count":1,"href":"https:\/\/blogdoedvaldomagalhaes.com.br\/index.php\/wp-json\/wp\/v2\/posts\/702\/revisions"}],"predecessor-version":[{"id":35854,"href":"https:\/\/blogdoedvaldomagalhaes.com.br\/index.php\/wp-json\/wp\/v2\/posts\/702\/revisions\/35854"}],"wp:attachment":[{"href":"https:\/\/blogdoedvaldomagalhaes.com.br\/index.php\/wp-json\/wp\/v2\/media?parent=702"}],"wp:term":[{"taxonomy":"category","embeddable":true,"href":"https:\/\/blogdoedvaldomagalhaes.com.br\/index.php\/wp-json\/wp\/v2\/categories?post=702"},{"taxonomy":"post_tag","embeddable":true,"href":"https:\/\/blogdoedvaldomagalhaes.com.br\/index.php\/wp-json\/wp\/v2\/tags?post=702"}],"curies":[{"name":"wp","href":"https:\/\/api.w.org\/{rel}","templated":true}]}}