{"id":7019,"date":"2017-01-19T10:17:00","date_gmt":"2017-01-19T12:17:00","guid":{"rendered":"http:\/\/blogdoedvaldomagalhaes.com.br\/index.php\/2017\/01\/19\/moto-roubado-em-caruaru-foi-recuperada\/"},"modified":"2019-02-09T01:14:11","modified_gmt":"2019-02-09T03:14:11","slug":"moto-roubado-em-caruaru-foi-recuperada","status":"publish","type":"post","link":"https:\/\/blogdoedvaldomagalhaes.com.br\/index.php\/2017\/01\/19\/moto-roubado-em-caruaru-foi-recuperada\/","title":{"rendered":"Moto roubado em Caruaru foi recuperada em Agrestina"},"content":{"rendered":"<div class=\"separator\" style=\"clear: both; text-align: center;\">\n<a href=\"https:\/\/4.bp.blogspot.com\/-jhvwRXFhuKM\/WICRTe-P8jI\/AAAAAAAANtU\/7NK9FoNJjWMxz0RStJj5eQNBZS5rJ6azQCLcB\/s1600\/adielson.jpeg\" imageanchor=\"1\" style=\"margin-left: 1em; margin-right: 1em;\"><img loading=\"lazy\" decoding=\"async\" border=\"0\" height=\"400\" src=\"http:\/\/blogdoedvaldomagalhaes.com.br\/wp-content\/uploads\/2017\/01\/adielson-2.jpeg\" width=\"400\" \/><\/a><\/div>\n<div class=\"separator\" style=\"clear: both; text-align: center;\">\nFoto: Adielson Galv\u00e3o<\/div>\n<div class=\"MsoNormal\" style=\"background-color: white; color: #222222; font-family: Arial, Tahoma, Helvetica, FreeSans, sans-serif; font-size: 13.2px; text-align: justify;\">\n<\/div>\n<div class=\"MsoNormal\" style=\"background-color: white; text-align: justify;\">\nO efetivo da Pol\u00edcia Militar realizava rondas na BR-104, quando se deparou com um indiv\u00edduo que passava em uma motocicleta XRE-300, de cor branca e placa PCU-7334, em atitude suspeita.<\/div>\n<div class=\"MsoNormal\" style=\"background-color: white; text-align: justify;\">\n<\/div>\n<div class=\"MsoNormal\" style=\"background-color: white; text-align: justify;\">\nFoi feito o acompanhamento at\u00e9 a PE-120, nas imedia\u00e7\u00f5es do S\u00edtio Calango, Zona Rural de Agrestina, onde se efetuou a abordagem pessoal de \u00b4Talo Victor Silva da Rocha, 18 anos, residente a Rua Frei Ricardo Pilar, bairro Caiuc\u00e1 em Caruaru e, ao consultar a placa, constatou-se que se tratava de ve\u00edculo roubado em Caruaru.<\/div>\n<div class=\"MsoNormal\" style=\"background-color: white; text-align: justify;\">\n<\/div>\n<div class=\"MsoNormal\" style=\"background-color: white; text-align: justify;\">\nDiante do fato, a equipe conduziu o imputado a DP de Bezerros, tendo apresentado o preso juntamente \u00e0 referida moto apreendida, al\u00e9m de dois celulares e um rel\u00f3gio frutos de roubo, onde foi autuado em flagrante com arbitragem de fian\u00e7a n\u00e3o quitada.<\/div>\n<div style=\"text-align: justify;\">\n<\/div>\n<div class=\"MsoNormal\" style=\"background-color: white; text-align: justify;\">\nO imputado informou ao policiamento que, ainda em Caruaru, ap\u00f3s ter roubado a motocicleta, este foi perseguido por viatura policial, momento em que jogou uma arma de fogo \u00e0s margens da BR-232, n\u00e3o especificando o local exato, nem o tipo de arma da qual se desfez.&nbsp;<\/div>\n","protected":false},"excerpt":{"rendered":"<p>Foto: Adielson Galv\u00e3o O efetivo da Pol\u00edcia Militar realizava rondas na BR-104, quando se deparou com um indiv\u00edduo que passava&hellip;<\/p>\n","protected":false},"author":1,"featured_media":0,"comment_status":"open","ping_status":"open","sticky":false,"template":"","format":"standard","meta":{"footnotes":""},"categories":[1],"tags":[2,1828,9649,9650,6173,13,9651],"class_list":["post-7019","post","type-post","status-publish","format-standard","hentry","category-sem-categoria","tag-blog-do-edvaldo-magalhaes","tag-br-232","tag-delegacia-de-bezerros","tag-moto-roubado-em-caruaru-foi-recuperada-em-agrestina","tag-policia-militar","tag-policial","tag-sitio-calango"],"_links":{"self":[{"href":"https:\/\/blogdoedvaldomagalhaes.com.br\/index.php\/wp-json\/wp\/v2\/posts\/7019","targetHints":{"allow":["GET"]}}],"collection":[{"href":"https:\/\/blogdoedvaldomagalhaes.com.br\/index.php\/wp-json\/wp\/v2\/posts"}],"about":[{"href":"https:\/\/blogdoedvaldomagalhaes.com.br\/index.php\/wp-json\/wp\/v2\/types\/post"}],"author":[{"embeddable":true,"href":"https:\/\/blogdoedvaldomagalhaes.com.br\/index.php\/wp-json\/wp\/v2\/users\/1"}],"replies":[{"embeddable":true,"href":"https:\/\/blogdoedvaldomagalhaes.com.br\/index.php\/wp-json\/wp\/v2\/comments?post=7019"}],"version-history":[{"count":1,"href":"https:\/\/blogdoedvaldomagalhaes.com.br\/index.php\/wp-json\/wp\/v2\/posts\/7019\/revisions"}],"predecessor-version":[{"id":16128,"href":"https:\/\/blogdoedvaldomagalhaes.com.br\/index.php\/wp-json\/wp\/v2\/posts\/7019\/revisions\/16128"}],"wp:attachment":[{"href":"https:\/\/blogdoedvaldomagalhaes.com.br\/index.php\/wp-json\/wp\/v2\/media?parent=7019"}],"wp:term":[{"taxonomy":"category","embeddable":true,"href":"https:\/\/blogdoedvaldomagalhaes.com.br\/index.php\/wp-json\/wp\/v2\/categories?post=7019"},{"taxonomy":"post_tag","embeddable":true,"href":"https:\/\/blogdoedvaldomagalhaes.com.br\/index.php\/wp-json\/wp\/v2\/tags?post=7019"}],"curies":[{"name":"wp","href":"https:\/\/api.w.org\/{rel}","templated":true}]}}