{"id":7018,"date":"2017-01-19T15:48:00","date_gmt":"2017-01-19T17:48:00","guid":{"rendered":"http:\/\/blogdoedvaldomagalhaes.com.br\/index.php\/2017\/01\/19\/conheca-o-novo-secretario-executivo-da\/"},"modified":"2019-02-09T01:14:12","modified_gmt":"2019-02-09T03:14:12","slug":"conheca-o-novo-secretario-executivo-da","status":"publish","type":"post","link":"https:\/\/blogdoedvaldomagalhaes.com.br\/index.php\/2017\/01\/19\/conheca-o-novo-secretario-executivo-da\/","title":{"rendered":"Conhe\u00e7a o novo  Secret\u00e1rio Executivo da DESTRA"},"content":{"rendered":"<div class=\"separator\" style=\"clear: both; text-align: center;\">\n<a href=\"https:\/\/1.bp.blogspot.com\/-Bdug3yX5-2I\/WIDfhbPo6LI\/AAAAAAAANt4\/uo7-VQl1HZAgoJParw0tfJXHjbglTr30wCLcB\/s1600\/Destra.jpg\" imageanchor=\"1\" style=\"margin-left: 1em; margin-right: 1em;\"><img loading=\"lazy\" decoding=\"async\" border=\"0\" height=\"320\" src=\"http:\/\/blogdoedvaldomagalhaes.com.br\/wp-content\/uploads\/2017\/01\/Destra.jpg\" width=\"297\" \/><\/a><\/div>\n<div style=\"text-align: justify;\">\n<\/div>\n<div style=\"text-align: justify;\">\nDe prima: Roberto Bezerra, de 43 anos, natural de Jo\u00e3o Pessoa (PB), atualmente reside em Recife (PE), acaba de assumir a Secretaria Executiva da Autarquia Municipal de Defesa Social, Tr\u00e2nsito e Transportes da Prefeitura de Caruaru (PE). Ele se formou na advocacia, mas, nunca exerceu a profiss\u00e3o, e trabalhava como gerente de seguran\u00e7a na capital.<\/div>\n","protected":false},"excerpt":{"rendered":"<p>De prima: Roberto Bezerra, de 43 anos, natural de Jo\u00e3o Pessoa (PB), atualmente reside em Recife (PE), acaba de assumir&hellip;<\/p>\n","protected":false},"author":1,"featured_media":0,"comment_status":"open","ping_status":"open","sticky":false,"template":"","format":"standard","meta":{"footnotes":""},"categories":[1],"tags":[2,6,9648,5296],"class_list":["post-7018","post","type-post","status-publish","format-standard","hentry","category-sem-categoria","tag-blog-do-edvaldo-magalhaes","tag-noticias","tag-novo-secretario-executivo-da-destra","tag-roberto-bezerra"],"_links":{"self":[{"href":"https:\/\/blogdoedvaldomagalhaes.com.br\/index.php\/wp-json\/wp\/v2\/posts\/7018","targetHints":{"allow":["GET"]}}],"collection":[{"href":"https:\/\/blogdoedvaldomagalhaes.com.br\/index.php\/wp-json\/wp\/v2\/posts"}],"about":[{"href":"https:\/\/blogdoedvaldomagalhaes.com.br\/index.php\/wp-json\/wp\/v2\/types\/post"}],"author":[{"embeddable":true,"href":"https:\/\/blogdoedvaldomagalhaes.com.br\/index.php\/wp-json\/wp\/v2\/users\/1"}],"replies":[{"embeddable":true,"href":"https:\/\/blogdoedvaldomagalhaes.com.br\/index.php\/wp-json\/wp\/v2\/comments?post=7018"}],"version-history":[{"count":1,"href":"https:\/\/blogdoedvaldomagalhaes.com.br\/index.php\/wp-json\/wp\/v2\/posts\/7018\/revisions"}],"predecessor-version":[{"id":16130,"href":"https:\/\/blogdoedvaldomagalhaes.com.br\/index.php\/wp-json\/wp\/v2\/posts\/7018\/revisions\/16130"}],"wp:attachment":[{"href":"https:\/\/blogdoedvaldomagalhaes.com.br\/index.php\/wp-json\/wp\/v2\/media?parent=7018"}],"wp:term":[{"taxonomy":"category","embeddable":true,"href":"https:\/\/blogdoedvaldomagalhaes.com.br\/index.php\/wp-json\/wp\/v2\/categories?post=7018"},{"taxonomy":"post_tag","embeddable":true,"href":"https:\/\/blogdoedvaldomagalhaes.com.br\/index.php\/wp-json\/wp\/v2\/tags?post=7018"}],"curies":[{"name":"wp","href":"https:\/\/api.w.org\/{rel}","templated":true}]}}