{"id":7017,"date":"2017-01-19T16:06:00","date_gmt":"2017-01-19T18:06:00","guid":{"rendered":"http:\/\/blogdoedvaldomagalhaes.com.br\/index.php\/2017\/01\/19\/ataque-cardiaco-fulminante-mata-home\/"},"modified":"2019-02-09T01:14:15","modified_gmt":"2019-02-09T03:14:15","slug":"ataque-cardiaco-fulminante-mata-home","status":"publish","type":"post","link":"https:\/\/blogdoedvaldomagalhaes.com.br\/index.php\/2017\/01\/19\/ataque-cardiaco-fulminante-mata-home\/","title":{"rendered":"Ataque card\u00edaco fulminante mata homem que esperava \u00f4nibus em Caruaru"},"content":{"rendered":"<div class=\"separator\" style=\"clear: both; text-align: center;\">\n<a href=\"https:\/\/2.bp.blogspot.com\/-I2VwLzkvr5U\/WIDhrRr3wwI\/AAAAAAAANuE\/ijTsYL_ofnQDnoXdOB8kTBhbPXJvKxpoACLcB\/s1600\/homem.jpg\" imageanchor=\"1\" style=\"margin-left: 1em; margin-right: 1em;\"><img loading=\"lazy\" decoding=\"async\" border=\"0\" height=\"225\" src=\"http:\/\/blogdoedvaldomagalhaes.com.br\/wp-content\/uploads\/2017\/01\/homem-2.jpg\" width=\"400\" \/><\/a><\/div>\n<div class=\"separator\" style=\"clear: both; text-align: center;\">\n<\/div>\n<div class=\"separator\" style=\"clear: both; text-align: justify;\">\nGenival Jo\u00e3o dos Santos, de 43 anos de idade, estava no ponto de \u00f4nibus que fica no Km 63 na BR-104, no bairro Pinheir\u00f3polis, ao lado do 4\u00ba BPM, esperando o transporte coletivo para voltar a sua resid\u00eancia, no s\u00edtio Cip\u00f3, em Caruaru, quando sofreu um ataque card\u00edaco fulminante no final da manh\u00e3 desta quinta-feira (19). Pessoas que estavam no local chamaram uma viatura do Samu, que foi prestar o socorro,todavia, quando a equipe m\u00e9dica chegou no local, a v\u00edtima j\u00e1 estava em \u00f3bito.<\/div>\n<div class=\"separator\" style=\"clear: both; text-align: justify;\">\n<\/div>\n<div class=\"separator\" style=\"clear: both; text-align: center;\">\n<a href=\"https:\/\/3.bp.blogspot.com\/-S4Hu-9r7Mhg\/WIEnpf_IWvI\/AAAAAAAANvY\/Jn58MWR_nRgFdyTyN1rk8xJj-nwoDno5wCLcB\/s1600\/foto.jpg\" imageanchor=\"1\" style=\"margin-left: 1em; margin-right: 1em;\"><img loading=\"lazy\" decoding=\"async\" border=\"0\" height=\"400\" src=\"http:\/\/blogdoedvaldomagalhaes.com.br\/wp-content\/uploads\/2017\/01\/foto-3.jpg\" width=\"225\" \/><\/a><\/div>\n","protected":false},"excerpt":{"rendered":"<p>Genival Jo\u00e3o dos Santos, de 43 anos de idade, estava no ponto de \u00f4nibus que fica no Km 63 na&hellip;<\/p>\n","protected":false},"author":1,"featured_media":0,"comment_status":"open","ping_status":"open","sticky":false,"template":"","format":"standard","meta":{"footnotes":""},"categories":[1],"tags":[3975,9647,2609,2,6,334],"class_list":["post-7017","post","type-post","status-publish","format-standard","hentry","category-sem-categoria","tag-4o-bpm","tag-ataque-cardiaco-fulminante-mata-homem-que-estava-onibus-em-caruaru","tag-bairro-pinheiroplis","tag-blog-do-edvaldo-magalhaes","tag-noticias","tag-samu"],"_links":{"self":[{"href":"https:\/\/blogdoedvaldomagalhaes.com.br\/index.php\/wp-json\/wp\/v2\/posts\/7017","targetHints":{"allow":["GET"]}}],"collection":[{"href":"https:\/\/blogdoedvaldomagalhaes.com.br\/index.php\/wp-json\/wp\/v2\/posts"}],"about":[{"href":"https:\/\/blogdoedvaldomagalhaes.com.br\/index.php\/wp-json\/wp\/v2\/types\/post"}],"author":[{"embeddable":true,"href":"https:\/\/blogdoedvaldomagalhaes.com.br\/index.php\/wp-json\/wp\/v2\/users\/1"}],"replies":[{"embeddable":true,"href":"https:\/\/blogdoedvaldomagalhaes.com.br\/index.php\/wp-json\/wp\/v2\/comments?post=7017"}],"version-history":[{"count":1,"href":"https:\/\/blogdoedvaldomagalhaes.com.br\/index.php\/wp-json\/wp\/v2\/posts\/7017\/revisions"}],"predecessor-version":[{"id":16133,"href":"https:\/\/blogdoedvaldomagalhaes.com.br\/index.php\/wp-json\/wp\/v2\/posts\/7017\/revisions\/16133"}],"wp:attachment":[{"href":"https:\/\/blogdoedvaldomagalhaes.com.br\/index.php\/wp-json\/wp\/v2\/media?parent=7017"}],"wp:term":[{"taxonomy":"category","embeddable":true,"href":"https:\/\/blogdoedvaldomagalhaes.com.br\/index.php\/wp-json\/wp\/v2\/categories?post=7017"},{"taxonomy":"post_tag","embeddable":true,"href":"https:\/\/blogdoedvaldomagalhaes.com.br\/index.php\/wp-json\/wp\/v2\/tags?post=7017"}],"curies":[{"name":"wp","href":"https:\/\/api.w.org\/{rel}","templated":true}]}}