{"id":7016,"date":"2017-01-19T16:14:00","date_gmt":"2017-01-19T18:14:00","guid":{"rendered":"http:\/\/blogdoedvaldomagalhaes.com.br\/index.php\/2017\/01\/19\/arquiteta-carioca-e-nova-secretaria\/"},"modified":"2019-02-09T01:14:15","modified_gmt":"2019-02-09T03:14:15","slug":"arquiteta-carioca-e-nova-secretaria","status":"publish","type":"post","link":"https:\/\/blogdoedvaldomagalhaes.com.br\/index.php\/2017\/01\/19\/arquiteta-carioca-e-nova-secretaria\/","title":{"rendered":"Arquiteta carioca \u00e9 a nova Secret\u00e1ria Executiva de Planejamento de Caruaru"},"content":{"rendered":"<div class=\"separator\" style=\"clear: both; text-align: center;\">\n<a href=\"https:\/\/3.bp.blogspot.com\/-aMA4Rtgtmg4\/WIDk5-Ek3PI\/AAAAAAAANuQ\/hLhMg6zNxiIlyfhdjTCX8h0CWQud7rXFACLcB\/s1600\/joana.jpg\" imageanchor=\"1\" style=\"margin-left: 1em; margin-right: 1em;\"><img loading=\"lazy\" decoding=\"async\" border=\"0\" height=\"400\" src=\"http:\/\/blogdoedvaldomagalhaes.com.br\/wp-content\/uploads\/2017\/01\/joana.jpg\" width=\"225\" \/><\/a><\/div>\n<div class=\"separator\" style=\"clear: both; text-align: center;\">\n<\/div>\n<div class=\"separator\" style=\"clear: both; text-align: justify;\">\nDe prima: A arquiteta Joana Mouco, natural do Rio de Janeiro, que reside em Pernambuco h\u00e1 alguns anos, \u00e9 a nova Secret\u00e1ria Executiva de Planejamento de Caruaru.<\/div>\n<p><\/p>\n","protected":false},"excerpt":{"rendered":"<p>De prima: A arquiteta Joana Mouco, natural do Rio de Janeiro, que reside em Pernambuco h\u00e1 alguns anos, \u00e9 a&hellip;<\/p>\n","protected":false},"author":1,"featured_media":0,"comment_status":"open","ping_status":"open","sticky":false,"template":"","format":"standard","meta":{"footnotes":""},"categories":[1],"tags":[9645,2,9646,20],"class_list":["post-7016","post","type-post","status-publish","format-standard","hentry","category-sem-categoria","tag-arquiteta-carioca-e-a-nova-secretaria-executiva-de-planejamento-de-caruaru","tag-blog-do-edvaldo-magalhaes","tag-joana-mouco","tag-politica"],"_links":{"self":[{"href":"https:\/\/blogdoedvaldomagalhaes.com.br\/index.php\/wp-json\/wp\/v2\/posts\/7016","targetHints":{"allow":["GET"]}}],"collection":[{"href":"https:\/\/blogdoedvaldomagalhaes.com.br\/index.php\/wp-json\/wp\/v2\/posts"}],"about":[{"href":"https:\/\/blogdoedvaldomagalhaes.com.br\/index.php\/wp-json\/wp\/v2\/types\/post"}],"author":[{"embeddable":true,"href":"https:\/\/blogdoedvaldomagalhaes.com.br\/index.php\/wp-json\/wp\/v2\/users\/1"}],"replies":[{"embeddable":true,"href":"https:\/\/blogdoedvaldomagalhaes.com.br\/index.php\/wp-json\/wp\/v2\/comments?post=7016"}],"version-history":[{"count":1,"href":"https:\/\/blogdoedvaldomagalhaes.com.br\/index.php\/wp-json\/wp\/v2\/posts\/7016\/revisions"}],"predecessor-version":[{"id":16135,"href":"https:\/\/blogdoedvaldomagalhaes.com.br\/index.php\/wp-json\/wp\/v2\/posts\/7016\/revisions\/16135"}],"wp:attachment":[{"href":"https:\/\/blogdoedvaldomagalhaes.com.br\/index.php\/wp-json\/wp\/v2\/media?parent=7016"}],"wp:term":[{"taxonomy":"category","embeddable":true,"href":"https:\/\/blogdoedvaldomagalhaes.com.br\/index.php\/wp-json\/wp\/v2\/categories?post=7016"},{"taxonomy":"post_tag","embeddable":true,"href":"https:\/\/blogdoedvaldomagalhaes.com.br\/index.php\/wp-json\/wp\/v2\/tags?post=7016"}],"curies":[{"name":"wp","href":"https:\/\/api.w.org\/{rel}","templated":true}]}}