{"id":7009,"date":"2017-01-20T11:04:00","date_gmt":"2017-01-20T13:04:00","guid":{"rendered":"http:\/\/blogdoedvaldomagalhaes.com.br\/index.php\/2017\/01\/20\/ex-presidiario-e-assassinato-com-dois\/"},"modified":"2019-02-09T01:14:17","modified_gmt":"2019-02-09T03:14:17","slug":"ex-presidiario-e-assassinato-com-dois","status":"publish","type":"post","link":"https:\/\/blogdoedvaldomagalhaes.com.br\/index.php\/2017\/01\/20\/ex-presidiario-e-assassinato-com-dois\/","title":{"rendered":"Ex-presidi\u00e1rio \u00e9 assassinato com dois tiros de rev\u00f3lver em Caruaru"},"content":{"rendered":"<div class=\"separator\" style=\"clear: both; text-align: center;\">\n<a href=\"https:\/\/1.bp.blogspot.com\/-8-HWtdD8GlI\/WIHuW3XglUI\/AAAAAAAANwU\/kp11lZ0diekwy3-oSmQ3QQf-jvFm-xUdgCLcB\/s1600\/crime.jpg\" imageanchor=\"1\" style=\"margin-left: 1em; margin-right: 1em;\"><img loading=\"lazy\" decoding=\"async\" border=\"0\" height=\"240\" src=\"http:\/\/blogdoedvaldomagalhaes.com.br\/wp-content\/uploads\/2017\/01\/crime-2.jpg\" width=\"400\" \/><\/a><\/div>\n<div class=\"separator\" style=\"clear: both; text-align: center;\">\nFotos e informa\u00e7\u00f5es: Adielson Galv\u00e3o<\/div>\n<div style=\"background-color: white; color: #222222; font-family: Arial, Tahoma, Helvetica, FreeSans, sans-serif; font-size: 13.2px; text-align: justify;\">\n<\/div>\n<div style=\"background-color: white; text-align: justify;\">\nNa noite desta quinta-feira (20) foi registrado mais um homic\u00eddio em Caruaru. O fato ocorreu na Rua 03 de Outubro, no Loteamento Paraiso e teve como v\u00edtima, o ex-presidi\u00e1rio,&nbsp;Jos\u00e9 Wedson Floriano da Silva, de 33 anos, que morava na Rua 1\u00ba de janeiro, no mesmo bairro. Ele j\u00e1 foi preso acusado de ter cometido um assalto.<\/div>\n<div style=\"text-align: justify;\">\n<\/div>\n<div style=\"background-color: white; text-align: justify;\">\nO efetivo da Pol\u00edcia Militar foi acionado pela Central de R\u00e1dio do 4\u00ba BPM, para verificar uma v\u00edtima de disparo de arma de fogo e ao chegar ao local foi constatada a veracidade do fato. A v\u00edtima foi alvejada por dois disparos, sendo um na cabe\u00e7a e outro no ombro direito. A equipe do SAMU socorreu a v\u00edtima at\u00e9 o HRA onde a mesma n\u00e3o resistiu aos ferimentos e veio a \u00f3bito. O crime ocorreu em local ermo e sem ilumina\u00e7\u00e3o p\u00fablica. Moradores escutaram os disparos e quando sa\u00edram a rua apenas visualizaram a v\u00edtima no ch\u00e3o. N\u00e3o se sabe autoria, modus operandi nem motiva\u00e7\u00e3o do crime.<\/div>\n<div style=\"text-align: justify;\">\n<br style=\"background-color: white;\" \/><\/div>\n<div style=\"background-color: white; text-align: justify;\">\n<\/div>\n<div style=\"background-color: white; text-align: justify;\">\nEste foi o 12\u00ba homic\u00eddio do ano em Caruaru e o corpo foi encaminhado para o IML.<\/div>\n","protected":false},"excerpt":{"rendered":"<p>Fotos e informa\u00e7\u00f5es: Adielson Galv\u00e3o Na noite desta quinta-feira (20) foi registrado mais um homic\u00eddio em Caruaru. O fato ocorreu&hellip;<\/p>\n","protected":false},"author":1,"featured_media":0,"comment_status":"open","ping_status":"open","sticky":false,"template":"","format":"standard","meta":{"footnotes":""},"categories":[1],"tags":[2,9632,9633,13,9634,334],"class_list":["post-7009","post","type-post","status-publish","format-standard","hentry","category-sem-categoria","tag-blog-do-edvaldo-magalhaes","tag-ex-presidiario-e-assassinato-com-dois-tiros-de-revolver-em-caruaru","tag-loteamento-paraiso","tag-policial","tag-rua-1o-de-janeiro","tag-samu"],"_links":{"self":[{"href":"https:\/\/blogdoedvaldomagalhaes.com.br\/index.php\/wp-json\/wp\/v2\/posts\/7009","targetHints":{"allow":["GET"]}}],"collection":[{"href":"https:\/\/blogdoedvaldomagalhaes.com.br\/index.php\/wp-json\/wp\/v2\/posts"}],"about":[{"href":"https:\/\/blogdoedvaldomagalhaes.com.br\/index.php\/wp-json\/wp\/v2\/types\/post"}],"author":[{"embeddable":true,"href":"https:\/\/blogdoedvaldomagalhaes.com.br\/index.php\/wp-json\/wp\/v2\/users\/1"}],"replies":[{"embeddable":true,"href":"https:\/\/blogdoedvaldomagalhaes.com.br\/index.php\/wp-json\/wp\/v2\/comments?post=7009"}],"version-history":[{"count":1,"href":"https:\/\/blogdoedvaldomagalhaes.com.br\/index.php\/wp-json\/wp\/v2\/posts\/7009\/revisions"}],"predecessor-version":[{"id":16151,"href":"https:\/\/blogdoedvaldomagalhaes.com.br\/index.php\/wp-json\/wp\/v2\/posts\/7009\/revisions\/16151"}],"wp:attachment":[{"href":"https:\/\/blogdoedvaldomagalhaes.com.br\/index.php\/wp-json\/wp\/v2\/media?parent=7009"}],"wp:term":[{"taxonomy":"category","embeddable":true,"href":"https:\/\/blogdoedvaldomagalhaes.com.br\/index.php\/wp-json\/wp\/v2\/categories?post=7009"},{"taxonomy":"post_tag","embeddable":true,"href":"https:\/\/blogdoedvaldomagalhaes.com.br\/index.php\/wp-json\/wp\/v2\/tags?post=7009"}],"curies":[{"name":"wp","href":"https:\/\/api.w.org\/{rel}","templated":true}]}}