{"id":7006,"date":"2017-01-20T17:33:00","date_gmt":"2017-01-20T19:33:00","guid":{"rendered":"http:\/\/blogdoedvaldomagalhaes.com.br\/index.php\/2017\/01\/20\/confira-escala-de-arbitros-para-os\/"},"modified":"2019-02-09T01:14:21","modified_gmt":"2019-02-09T03:14:21","slug":"confira-escala-de-arbitros-para-os","status":"publish","type":"post","link":"https:\/\/blogdoedvaldomagalhaes.com.br\/index.php\/2017\/01\/20\/confira-escala-de-arbitros-para-os\/","title":{"rendered":"Confira a escala de \u00e1rbitros para os jogos de domingo pelo Campeonato Pernambucano"},"content":{"rendered":"<div class=\"separator\" style=\"clear: both; text-align: center;\">\n<a href=\"https:\/\/4.bp.blogspot.com\/-UZHW01acHds\/WIJI4hpqCDI\/AAAAAAAANxM\/YENpV2XqHXQYDJLFgt67OGqkbzXOZMKCwCLcB\/s1600\/fpf.jpg\" imageanchor=\"1\" style=\"margin-left: 1em; margin-right: 1em;\"><img loading=\"lazy\" decoding=\"async\" border=\"0\" height=\"400\" src=\"http:\/\/blogdoedvaldomagalhaes.com.br\/wp-content\/uploads\/2017\/01\/fpf.jpg\" width=\"400\" \/><\/a><\/div>\n<p><\/p>\n<div style=\"text-align: justify;\">\nA Federa\u00e7\u00e3o Pernambucana de Futebol (FPF), realizou nessa quinta-feira (20), audi\u00eancia p\u00fablica<br \/>\npara a divulga\u00e7\u00e3o dos \u00e1rbitros escalados para a 6\u00aa rodada do Campeonato Pernambucano A1\/2017.&nbsp; Confira:<\/div>\n<div style=\"text-align: justify;\">\n<\/div>\n<div style=\"text-align: justify;\">\n<strong>Flamengo de Arcoverde x Atl\u00e9tico-PE<\/strong><\/div>\n<div style=\"text-align: justify;\">\n\u00c1rbitro: Luiz Sobral<\/div>\n<div style=\"text-align: justify;\">\n\u00c1rbitro Assistente n\u00ba 1: Marlon Rafael<\/div>\n<div style=\"text-align: justify;\">\n\u00c1rbitro Assistente n\u00ba2: Ailton Jos\u00e9<\/div>\n<div style=\"text-align: justify;\">\nQuarto \u00c1rbitro: Gleydson Leite<\/div>\n<div style=\"text-align: justify;\">\n<\/div>\n<div style=\"text-align: justify;\">\n<strong>Afogados da Ingazeira x Am\u00e9rica<\/strong><\/div>\n<div style=\"text-align: justify;\">\n\u00c1rbitro: Jos\u00e9 Woshington<\/div>\n<div style=\"text-align: justify;\">\n\u00c1rbitro Assistente n\u00ba 1: Charles Rosas<\/div>\n<div style=\"text-align: justify;\">\n\u00c1rbitro Assistente n\u00ba2: Fernando Ant\u00f4nio<\/div>\n<div style=\"text-align: justify;\">\nQuarto \u00c1rbitro: Tiago Nascimento<\/div>\n<div style=\"text-align: justify;\">\n<\/div>\n<div style=\"text-align: justify;\">\n<strong>Belo Jardim x Serra Talhada<\/strong><\/div>\n<div style=\"text-align: justify;\">\n\u00c1rbitro: Anderson Freitas<\/div>\n<div style=\"text-align: justify;\">\n\u00c1rbitro Assistente n\u00ba 1: Cleberson Nascimento<\/div>\n<div style=\"text-align: justify;\">\n\u00c1rbitro Assistente n\u00ba2: Bruno C\u00e9sar<\/div>\n<div style=\"text-align: justify;\">\nQuarto \u00c1rbitro: Deborah Cec\u00edlia<\/div>\n<div style=\"text-align: justify;\">\n<\/div>\n<div style=\"text-align: justify;\">\n<strong>Salgueiro x Central<\/strong><\/div>\n<div style=\"text-align: justify;\">\n\u00c1rbitro: Luciano Castro<\/div>\n<div style=\"text-align: justify;\">\n\u00c1rbitro Assistente n\u00ba 1: Cl\u00f3vis Amaral<\/div>\n<div style=\"text-align: justify;\">\n\u00c1rbitro Assistente n\u00ba2: Ricardo Chianca<\/div>\n<p><\/p>\n<div style=\"text-align: justify;\">\nQuarto \u00c1rbitro: Wagner Cabral<\/div>\n","protected":false},"excerpt":{"rendered":"<p>A Federa\u00e7\u00e3o Pernambucana de Futebol (FPF), realizou nessa quinta-feira (20), audi\u00eancia p\u00fablica para a divulga\u00e7\u00e3o dos \u00e1rbitros escalados para a&hellip;<\/p>\n","protected":false},"author":1,"featured_media":0,"comment_status":"open","ping_status":"open","sticky":false,"template":"","format":"standard","meta":{"footnotes":""},"categories":[1],"tags":[9627,9592,9628,2,3335,9629,9596,3,3337],"class_list":["post-7006","post","type-post","status-publish","format-standard","hentry","category-sem-categoria","tag-afogados","tag-america-pe","tag-atletico-pe","tag-blog-do-edvaldo-magalhaes","tag-central","tag-confira-a-escala-de-arbitros-para-os-jogos-de-domingo-pelo-campeonato-pernambucano","tag-flamengo-de-arcoverde","tag-futebol","tag-salgueiro"],"_links":{"self":[{"href":"https:\/\/blogdoedvaldomagalhaes.com.br\/index.php\/wp-json\/wp\/v2\/posts\/7006","targetHints":{"allow":["GET"]}}],"collection":[{"href":"https:\/\/blogdoedvaldomagalhaes.com.br\/index.php\/wp-json\/wp\/v2\/posts"}],"about":[{"href":"https:\/\/blogdoedvaldomagalhaes.com.br\/index.php\/wp-json\/wp\/v2\/types\/post"}],"author":[{"embeddable":true,"href":"https:\/\/blogdoedvaldomagalhaes.com.br\/index.php\/wp-json\/wp\/v2\/users\/1"}],"replies":[{"embeddable":true,"href":"https:\/\/blogdoedvaldomagalhaes.com.br\/index.php\/wp-json\/wp\/v2\/comments?post=7006"}],"version-history":[{"count":1,"href":"https:\/\/blogdoedvaldomagalhaes.com.br\/index.php\/wp-json\/wp\/v2\/posts\/7006\/revisions"}],"predecessor-version":[{"id":16158,"href":"https:\/\/blogdoedvaldomagalhaes.com.br\/index.php\/wp-json\/wp\/v2\/posts\/7006\/revisions\/16158"}],"wp:attachment":[{"href":"https:\/\/blogdoedvaldomagalhaes.com.br\/index.php\/wp-json\/wp\/v2\/media?parent=7006"}],"wp:term":[{"taxonomy":"category","embeddable":true,"href":"https:\/\/blogdoedvaldomagalhaes.com.br\/index.php\/wp-json\/wp\/v2\/categories?post=7006"},{"taxonomy":"post_tag","embeddable":true,"href":"https:\/\/blogdoedvaldomagalhaes.com.br\/index.php\/wp-json\/wp\/v2\/tags?post=7006"}],"curies":[{"name":"wp","href":"https:\/\/api.w.org\/{rel}","templated":true}]}}