{"id":70054,"date":"2021-05-18T18:58:14","date_gmt":"2021-05-18T21:58:14","guid":{"rendered":"https:\/\/blogdoedvaldomagalhaes.com.br\/?p=70054"},"modified":"2021-05-18T18:58:16","modified_gmt":"2021-05-18T21:58:16","slug":"pe-descentraliza-vacina-da-pfizer-para-todos-os-municipios-do-estado-e-recebe-mais-255-100-doses-da-vacina-contra-a-covid-19","status":"publish","type":"post","link":"https:\/\/blogdoedvaldomagalhaes.com.br\/index.php\/2021\/05\/18\/pe-descentraliza-vacina-da-pfizer-para-todos-os-municipios-do-estado-e-recebe-mais-255-100-doses-da-vacina-contra-a-covid-19\/","title":{"rendered":"PE descentraliza vacina da Pfizer para todos os munic\u00edpios do Estado e recebe mais 255.100 doses da vacina contra a Covid-19"},"content":{"rendered":"<p style=\"text-align: justify;\">A Secretaria Estadual de Sa\u00fade (SES-PE) registrou, nesta ter\u00e7a-feira (18\/05), 3.029 casos da Covid-19. Entre os confirmados hoje, 107 (3,5%) s\u00e3o casos de S\u00edndrome Respirat\u00f3ria Aguda Grave (SRAG) e\u00a02.922 (96,5%) s\u00e3o leves. Agora, Pernambuco totaliza\u00a0446.093 casos confirmados da doen\u00e7a, sendo\u00a042.773 graves e 403.320 leves, que est\u00e3o distribu\u00eddos por todos os 184 munic\u00edpios pernambucanos, al\u00e9m do arquip\u00e9lago de Fernando de Noronha.<\/p>\n<p style=\"text-align: justify;\">Al\u00e9m disso, o boletim registra um total de 378.154 pacientes recuperados da doen\u00e7a.\u00a0Destes, 24.916 eram pacientes graves, que necessitaram de internamento hospitalar, e 353.238 eram casos leves.<\/p>\n<p style=\"text-align: justify;\">Tamb\u00e9m foram confirmados laboratorialmente 68 novos \u00f3bitos (26 femininos e 42 masculinos),\u00a0ocorridos entre os dias 15\/03\/2021 e 17\/05\/2021. As novas mortes s\u00e3o de pessoas residentes dos munic\u00edpios de\u00a0Abreu e Lima (1), Afogados da Ingazeira (1), Araripina (1), Arcoverde (1), Bu\u00edque (1), Cabo de Santo Agostinho (2),\u00a0Cabrob\u00f3 (1), Canhotinho (1), Caruaru (1),\u00a0Cust\u00f3dia (1),\u00a0Exu (1),\u00a0Garanhuns (3),\u00a0Goiana (1),\u00a0Gravat\u00e1 (1),\u00a0Jaboat\u00e3o dos Guararapes (8), Lagoa do Ouro (1), Moreno (1),\u00a0Olinda (7), Oroc\u00f3 (1), Ouricuri (1), Petrolina (4),\u00a0Recife (19), Salgueiro (1), Santa Maria da Boa Vista (1), S\u00e3o Jos\u00e9 do Belmonte (1), S\u00e3o Louren\u00e7o da Mata (3), Serra Talhada (2) e Surubim (1). Com isso, o Estado totaliza 15.048 mortes pela doen\u00e7a.<\/p>\n<p style=\"text-align: justify;\">Os pacientes tinham idades entre 31 e 93 anos. As faixas et\u00e1rias s\u00e3o:\u00a030 a 39 (2), 40 a 49 (8), 50 a 59 (13), 60 a 69 (16), 70 a 79 (17), 80 ou mais (12). Do total, 45 tinham doen\u00e7as preexistentes:\u00a0doen\u00e7a cardiovascular (26),\u00a0diabetes (12),\u00a0hipertens\u00e3o (9),\u00a0tabagismo\/hist\u00f3rico de tabagismo (7),\u00a0obesidade (5),\u00a0doen\u00e7a respirat\u00f3ria (5),\u00a0c\u00e2ncer (3),\u00a0doen\u00e7a renal (2)\u00a0e imunossupress\u00e3o (1)\u00a0&#8211; um paciente pode ter mais de uma comorbidade.\u00a0Os demais seguem em investiga\u00e7\u00e3o.<\/p>\n<p style=\"text-align: justify;\">Com rela\u00e7\u00e3o \u00e0 testagem dos profissionais de sa\u00fade com sintomas de gripe, em Pernambuco, at\u00e9 agora, 29.179 casos foram confirmados e 50.544 descartados. As testagens entre os trabalhadores do setor abrangem os profissionais de todas as unidades de sa\u00fade, sejam da rede p\u00fablica (estadual e municipal) ou privada. O Governo de Pernambuco foi o primeiro do pa\u00eds a criar um protocolo para testar e afastar os profissionais da \u00e1rea da sa\u00fade com sintomas gripais.<\/p>\n<p style=\"text-align: justify;\"><strong>VACINAS DA PFIZER<\/strong>\u00a0&#8211; Ap\u00f3s garantir uma log\u00edstica eficaz de distribui\u00e7\u00e3o da vacina contra a Covid-19 da Pfizer\/BioNTech para o interior do Estado, na \u00faltima semana, o Governo de Pernambuco decidiu descentralizar a vacina\u00e7\u00e3o do imunizante para todas as cidades pernambucanas.<\/p>\n<p style=\"text-align: justify;\">Essa nova etapa na imuniza\u00e7\u00e3o de gestantes e pu\u00e9rperas ser\u00e1 feita com as 26.910 doses do imunizante que chegaram ao Estado na tarde desta ter\u00e7a-feira, 18.05. A distribui\u00e7\u00e3o j\u00e1 ser\u00e1 feita a partir da manh\u00e3 desta quarta (19.05).<\/p>\n<p style=\"text-align: justify;\">As vacinas da Pfizer, recebidas no Aeroporto Internacional do Recife\/Guararapes \u2013 Gilberto Freyre \u00e0s 15h10, ficar\u00e3o armazenadas nas 12 Ger\u00eancias Regionais de Sa\u00fade (Geres), em freezers que as manter\u00e3o em temperatura entre &#8211; 25\u00b0C e &#8211; 15\u00b0C, podendo permanecer nessa faixa por at\u00e9 14 dias. As doses ser\u00e3o dispensadas para os munic\u00edpios de acordo com a demanda de cada um. Na rede de frio municipal, o insumo poder\u00e1 ficar armazenado entre 2\u00b0 C e 8\u00b0 C, mas somente por, no m\u00e1ximo, 5 dias (per\u00edodo que j\u00e1 est\u00e1 incluso nos 14 dias citados). Ap\u00f3s aberto o frasco, com 6 doses, deve ser utilizado em um prazo de 6 horas.<\/p>\n<p style=\"text-align: justify;\">&#8220;Atualmente, a vacina\u00e7\u00e3o das gestantes e pu\u00e9rperas est\u00e1 sendo feita exclusivamente com a vacina da Pfizer em Pernambuco. Na semana passada, fizemos as primeiras entregas para o interior do Estado e conseguimos assegurar o deslocamento dentro da temperatura correta, garantindo que as doses cheguem dentro das normas preconizadas para os gestores municipais e, consequentemente, com seguran\u00e7a para aplicar na popula\u00e7\u00e3o. Agora, damos mais um passo para diminuir as dist\u00e2ncias e levar o insumo para mais pr\u00f3ximo dessas mulheres. O Programa Estadual de Imuniza\u00e7\u00e3o e as Geres continuar\u00e3o dando o apoio t\u00e9cnico para que os gestores municipais realizem suas a\u00e7\u00f5es e possam proteger nossas gestantes e pu\u00e9rperas contra a Covid-19&#8221;, afirmou o secret\u00e1rio estadual de Sa\u00fade, Andr\u00e9 Longo.<\/p>\n<p style=\"text-align: justify;\">\u00a0A superintendente de Imuniza\u00e7\u00e3o da Secretaria Estadual de Sa\u00fade (SES-PE), Ana Catarina de Melo, refor\u00e7ou a import\u00e2ncia das secretarias municipais organizarem suas a\u00e7\u00f5es para otimizar o uso do insumo. &#8220;\u00c9 preciso planejar e fazer o mapeamento das gestantes e pu\u00e9rperas para que as vacinas sejam utilizadas no tempo preconizado pelo fabricante&#8221;, frisou. A gestora lembrou que a segunda dose dessa vacina dever\u00e1 ser feita tr\u00eas meses ap\u00f3s a primeira, de acordo com recomenda\u00e7\u00e3o do Minist\u00e9rio da Sa\u00fade (MS).<\/p>\n<p style=\"text-align: justify;\"><strong>ASTRAZENECA<\/strong>\u00a0&#8211; Na madrugada desta ter\u00e7a (18.05), tamb\u00e9m chegaram ao Estado 255.100 doses da vacina contra a Covid-19 da Astrazeneca\/Fiocruz. O insumo dever\u00e1 ser utilizado para a primeira dose da popula\u00e7\u00e3o com comorbidades e das pessoas com defici\u00eancia cadastradas no BPC, al\u00e9m da segunda dose de idosos entre 60 e 69 anos.\u00a0J\u00e1 somadas a essas novas remessas, Pernambuco totaliza 3.733.840 vacinas contra a Covid-19 recebidas, sendo 1.959.160 da Coronavac\/Butantan, 1.683.420 da Astrazeneca\/Fiocruz e 91.260 da Pfizer\/BioNTech.<\/p>\n<p style=\"text-align: justify;\">At\u00e9 o momento, a campanha de vacina\u00e7\u00e3o est\u00e1 beneficiando todos os idosos a partir dos 60 anos, idosos e pessoas com defici\u00eancia abrigados em institui\u00e7\u00f5es, popula\u00e7\u00e3o ind\u00edgena aldeada, povos e comunidades quilombolas tradicionais, trabalhadores de sa\u00fade, trabalhadores de for\u00e7as de seguran\u00e7a e salvamento, pessoas com comorbidades, gestantes e pu\u00e9rperas e pessoas com defici\u00eancia permanente cadastradas no Programa de Benef\u00edcio de Presta\u00e7\u00e3o Continuada (BPC).<\/p>\n<p style=\"text-align: justify;\"><strong>BALAN\u00c7O DA VACINA\u00c7\u00c3O<\/strong>\u00a0&#8211; Pernambuco j\u00e1 aplicou 2.407.079 doses da vacina contra a Covid-19, das quais 1.589.775 foram primeiras doses. Ao todo, foram feitas a primeira dose em 260.640 trabalhadores de sa\u00fade; 25.497 povos ind\u00edgenas aldeados; 39.319 em comunidades quilombolas; 7.149 idosos em Institui\u00e7\u00f5es de Longa Perman\u00eancia; 569.273 idosos de 60 a 69 anos; 392.932 idosos de 70 a 79 anos; 102.988 idosos de 80 a 84 anos; 89.498 idosos a partir de 85 anos; 1.305 pessoas com defici\u00eancia institucionalizadas; 7.147 trabalhadores das for\u00e7as de seguran\u00e7a e salvamento; 80.165 pessoas com comorbidades; 3.309 pessoas com defici\u00eancia permanente; 10.553 gestantes e pu\u00e9rperas.<\/p>\n<p style=\"text-align: justify;\">Em rela\u00e7\u00e3o \u00e0 segunda dose, j\u00e1 foram beneficiados 208.539 trabalhadores de sa\u00fade; 24.964 povos ind\u00edgenas aldeados; 72 em comunidades quilombolas; 5.209 idosos institucionalizados; 192.251 idosos de 60 a 69 anos; 283.056 idosos de 70 a 79 anos; 47.059 idosos de 80 a 84 anos; 54.917 idosos a partir de 85 anos, 1.122 pessoas com defici\u00eancia institucionalizadas; 115 trabalhadores das for\u00e7as de seguran\u00e7a e salvamento; totalizando 817.304 pessoas que j\u00e1 finalizaram o esquema.<\/p>\n","protected":false},"excerpt":{"rendered":"<p>A Secretaria Estadual de Sa\u00fade (SES-PE) registrou, nesta ter\u00e7a-feira (18\/05), 3.029 casos da Covid-19. Entre os confirmados hoje, 107 (3,5%)&hellip;<\/p>\n","protected":false},"author":1,"featured_media":70055,"comment_status":"open","ping_status":"open","sticky":false,"template":"","format":"standard","meta":{"footnotes":""},"categories":[14120],"tags":[2,19532,17559,1950,19670,21667],"class_list":["post-70054","post","type-post","status-publish","format-standard","has-post-thumbnail","hentry","category-noticias","tag-blog-do-edvaldo-magalhaes","tag-blog-mais-acessado-e-visualizado-de-caruaru-e-regiao","tag-covid-19","tag-noticias-de-caruaru","tag-novo-coronavirus","tag-pe-descentraliza-vacina-da-pfizer-para-todos-os-municipios-do-estado-e-recebe-mais-255-100-doses-da-vacina-contra-a-covid-19"],"_links":{"self":[{"href":"https:\/\/blogdoedvaldomagalhaes.com.br\/index.php\/wp-json\/wp\/v2\/posts\/70054","targetHints":{"allow":["GET"]}}],"collection":[{"href":"https:\/\/blogdoedvaldomagalhaes.com.br\/index.php\/wp-json\/wp\/v2\/posts"}],"about":[{"href":"https:\/\/blogdoedvaldomagalhaes.com.br\/index.php\/wp-json\/wp\/v2\/types\/post"}],"author":[{"embeddable":true,"href":"https:\/\/blogdoedvaldomagalhaes.com.br\/index.php\/wp-json\/wp\/v2\/users\/1"}],"replies":[{"embeddable":true,"href":"https:\/\/blogdoedvaldomagalhaes.com.br\/index.php\/wp-json\/wp\/v2\/comments?post=70054"}],"version-history":[{"count":1,"href":"https:\/\/blogdoedvaldomagalhaes.com.br\/index.php\/wp-json\/wp\/v2\/posts\/70054\/revisions"}],"predecessor-version":[{"id":70056,"href":"https:\/\/blogdoedvaldomagalhaes.com.br\/index.php\/wp-json\/wp\/v2\/posts\/70054\/revisions\/70056"}],"wp:featuredmedia":[{"embeddable":true,"href":"https:\/\/blogdoedvaldomagalhaes.com.br\/index.php\/wp-json\/wp\/v2\/media\/70055"}],"wp:attachment":[{"href":"https:\/\/blogdoedvaldomagalhaes.com.br\/index.php\/wp-json\/wp\/v2\/media?parent=70054"}],"wp:term":[{"taxonomy":"category","embeddable":true,"href":"https:\/\/blogdoedvaldomagalhaes.com.br\/index.php\/wp-json\/wp\/v2\/categories?post=70054"},{"taxonomy":"post_tag","embeddable":true,"href":"https:\/\/blogdoedvaldomagalhaes.com.br\/index.php\/wp-json\/wp\/v2\/tags?post=70054"}],"curies":[{"name":"wp","href":"https:\/\/api.w.org\/{rel}","templated":true}]}}