{"id":70046,"date":"2021-05-18T10:25:50","date_gmt":"2021-05-18T13:25:50","guid":{"rendered":"https:\/\/blogdoedvaldomagalhaes.com.br\/?p=70046"},"modified":"2021-05-18T10:25:53","modified_gmt":"2021-05-18T13:25:53","slug":"prf-recupera-dois-veiculos-roubados-e-liberta-refem-de-sequestro-em-sao-caitano","status":"publish","type":"post","link":"https:\/\/blogdoedvaldomagalhaes.com.br\/index.php\/2021\/05\/18\/prf-recupera-dois-veiculos-roubados-e-liberta-refem-de-sequestro-em-sao-caitano\/","title":{"rendered":"PRF recupera dois ve\u00edculos roubados e liberta ref\u00e9m de sequestro em S\u00e3o Caitano"},"content":{"rendered":"<p style=\"text-align: justify;\"><span style=\"font-size: inherit;\">A Pol\u00edcia Rodovi\u00e1ria Federal (PRF) recuperou dois carros roubados e libertou um ref\u00e9m de sequestro, na tarde de segunda-feira (17), nas BRs 423 e 232, em S\u00e3o Caetano e Caruaru, no Agreste de Pernambuco. O ve\u00edculo da v\u00edtima havia sido roubado uma hora antes dentro da cidade de Bezerros, tamb\u00e9m no Agreste.<\/span><\/p>\n<p style=\"text-align: justify;\">Policiais realizavam uma fiscaliza\u00e7\u00e3o no Km 145 da BR 232, quando deram ordem de parada ao motorista de um carro de luxo, que tentou atropelar os policiais e fugiu em alta velocidade. Durante a tentativa de abordagem, os criminosos tamb\u00e9m atiraram em dire\u00e7\u00e3o \u00e0 equipe, mas ningu\u00e9m ficou ferido.<\/p>\n<p style=\"text-align: justify;\">Ap\u00f3s acompanhamento, o carro foi localizado no Km 18 da BR 423, em S\u00e3o Caetano, com a v\u00edtima do sequestro dentro dele. Foram realizadas buscas no local, com o apoio do 1\u00b0 Batalh\u00e3o Integrado Especializado da Pol\u00edcia Militar (BIEsp-PM), mas os suspeitos n\u00e3o foram localizados. Em consulta, foi descoberto que o ve\u00edculo possu\u00eda registro de roubo desde mar\u00e7o deste ano em Caruaru.<\/p>\n<p style=\"text-align: justify;\">Cerca de uma hora depois, o carro do ref\u00e9m foi encontrado abandonado no Km 138 da BR 232, pr\u00f3ximo a um parque aqu\u00e1tico de Caruaru. Ele informou que foi abordado por um homem armado em Bezerros, obrigado a dirigir at\u00e9 o local onde estavam outros tr\u00eas integrantes do grupo e colocado no ve\u00edculo de luxo.<\/p>\n<p style=\"text-align: justify;\">A v\u00edtima foi encaminhada junto com os carros recuperados \u00e0 Delegacia de Pol\u00edcia Civil de S\u00e3o Caetano, que ir\u00e1 investigar o caso.<\/p>\n","protected":false},"excerpt":{"rendered":"<p>A Pol\u00edcia Rodovi\u00e1ria Federal (PRF) recuperou dois carros roubados e libertou um ref\u00e9m de sequestro, na tarde de segunda-feira (17),&hellip;<\/p>\n","protected":false},"author":1,"featured_media":70047,"comment_status":"open","ping_status":"open","sticky":false,"template":"","format":"standard","meta":{"footnotes":""},"categories":[14121],"tags":[2,19532,1950,21665],"class_list":["post-70046","post","type-post","status-publish","format-standard","has-post-thumbnail","hentry","category-policial","tag-blog-do-edvaldo-magalhaes","tag-blog-mais-acessado-e-visualizado-de-caruaru-e-regiao","tag-noticias-de-caruaru","tag-prf-recupera-dois-veiculos-roubados-e-liberta-refem-de-sequestro-em-sao-caitano"],"_links":{"self":[{"href":"https:\/\/blogdoedvaldomagalhaes.com.br\/index.php\/wp-json\/wp\/v2\/posts\/70046","targetHints":{"allow":["GET"]}}],"collection":[{"href":"https:\/\/blogdoedvaldomagalhaes.com.br\/index.php\/wp-json\/wp\/v2\/posts"}],"about":[{"href":"https:\/\/blogdoedvaldomagalhaes.com.br\/index.php\/wp-json\/wp\/v2\/types\/post"}],"author":[{"embeddable":true,"href":"https:\/\/blogdoedvaldomagalhaes.com.br\/index.php\/wp-json\/wp\/v2\/users\/1"}],"replies":[{"embeddable":true,"href":"https:\/\/blogdoedvaldomagalhaes.com.br\/index.php\/wp-json\/wp\/v2\/comments?post=70046"}],"version-history":[{"count":1,"href":"https:\/\/blogdoedvaldomagalhaes.com.br\/index.php\/wp-json\/wp\/v2\/posts\/70046\/revisions"}],"predecessor-version":[{"id":70048,"href":"https:\/\/blogdoedvaldomagalhaes.com.br\/index.php\/wp-json\/wp\/v2\/posts\/70046\/revisions\/70048"}],"wp:featuredmedia":[{"embeddable":true,"href":"https:\/\/blogdoedvaldomagalhaes.com.br\/index.php\/wp-json\/wp\/v2\/media\/70047"}],"wp:attachment":[{"href":"https:\/\/blogdoedvaldomagalhaes.com.br\/index.php\/wp-json\/wp\/v2\/media?parent=70046"}],"wp:term":[{"taxonomy":"category","embeddable":true,"href":"https:\/\/blogdoedvaldomagalhaes.com.br\/index.php\/wp-json\/wp\/v2\/categories?post=70046"},{"taxonomy":"post_tag","embeddable":true,"href":"https:\/\/blogdoedvaldomagalhaes.com.br\/index.php\/wp-json\/wp\/v2\/tags?post=70046"}],"curies":[{"name":"wp","href":"https:\/\/api.w.org\/{rel}","templated":true}]}}