{"id":70033,"date":"2021-05-18T08:39:11","date_gmt":"2021-05-18T11:39:11","guid":{"rendered":"https:\/\/blogdoedvaldomagalhaes.com.br\/?p=70033"},"modified":"2021-05-18T09:21:28","modified_gmt":"2021-05-18T12:21:28","slug":"aniversario-em-tempos-de-pandemia-caruaru-comemora-164-anos","status":"publish","type":"post","link":"https:\/\/blogdoedvaldomagalhaes.com.br\/index.php\/2021\/05\/18\/aniversario-em-tempos-de-pandemia-caruaru-comemora-164-anos\/","title":{"rendered":"Anivers\u00e1rio em tempos de pandemia: Caruaru comemora 164 anos"},"content":{"rendered":"<p style=\"text-align: justify;\">Cidade que nasceu de uma fazenda herdada por tr\u00eas irm\u00e3os, Jos\u00e9 Rodrigues e suas irm\u00e3s, tivemos como primeira edifica\u00e7\u00e3o coletiva a igreja de nossa senhora da Concei\u00e7\u00e3o, uma homenagem de Jos\u00e9 Rodrigues para a genitora dele, d Antonia Tereza, que era devota da santa, tanto que homenageou a filha mais nova com o nome de Maria da Concei\u00e7\u00e3o Rodrigues de Jesus. Foi no dia 5 de outubro de 1782 que aconteceu a celebra\u00e7\u00e3o da primeira missa e ben\u00e7\u00e3o daquela edifica\u00e7\u00e3o. Rapidamente se tornou o espa\u00e7o para as primeiras feiras, a chamada rua da frente, rua do com\u00e9rcio e atual 15 de novembro. <br>Caruaru \u00e9 uma cidade que curiosamente, nasceu depois de sua feira. O tempo passou e o progresso veio a galope. Em 1848, a propriedade rural foi reconhecida como vila, em 1857 tornou-se cidade, mas a emancipa\u00e7\u00e3o pol\u00edtica s\u00f3 correu em 1893, quando o Brasil j\u00e1 era uma Rep\u00fablica.<br>A nossa base financeira \u00e9 constitu\u00edda por feira, com\u00e9rcio e ind\u00fastrias, e abrimos o s\u00e9culo XXI como polo de confec\u00e7\u00f5es, medicina, inform\u00e1tica e educa\u00e7\u00e3o.<br>A natureza nos brindou com a beleza panor\u00e2mica do morro do Bom Jesus, o tra\u00e7ado do rio Ipojuca, o verde ecol\u00f3gico de Serra dos Cavalos, e a vastid\u00e3o do territ\u00f3rio com 920 km2.<br>Na literatura, a grandeza de Austreg\u00e9silo de Athayde, os Cond\u00e9s, \u00c1lvaro Lins, entre outros.<br>A musicalidade de Onildo Almeida, Nelson Barbalho e Janduhy Finizola, a interpreta\u00e7\u00e3o de Azul\u00e3o e os versos de Juarez Santiago<br>O teatro de tanta gente de talentos, o humor de Ludugero e Otrope, aplaudidos nacionalmente. O futebol do Central e do Porto, a comunica\u00e7\u00e3o que nasceu em 1951 com a antiga r\u00e1dio Difusora de Caruaru.<br>A educa\u00e7\u00e3o em nomes como professor Luiz Pessoa, Adalberto Tabosa de Almeida, padre Zacarias, professora Sinhazinha, entre tantos<br>O com\u00e9rcio em nome de Elias de Oliveira, Manoel Cabral, Vila Nova, Alcides Farias, Luiz Lacerda<br>A pol\u00edtica nacional em nomes como os ministros Alfredo Pinto e Fernando Lyra<br>O artesanato de Vitalino, as artes pl\u00e1sticas de Luiza Maciel e a religiosidade de Vig\u00e1rio Freire<br>Princesa do Agreste, Capital do Forr\u00f3, terra acolhedora que tem um espa\u00e7o para os que aqui nascem ou aqui chegam para empreender, contruir sonhos, fazer um Brasil melhor.<br>Parab\u00e9ns Caruaru, 164 anos de muitas hist\u00f3rias e fazendo hist\u00f3ria no dia a dia.<\/p>\n<p style=\"text-align: justify;\">O anivers\u00e1rio da cidade nesta ter\u00e7a-feira, ocorre em tempos de pandemia, e n\u00e3o haver\u00e1 comemora\u00e7\u00f5es como o tradicional corte do bolo no centro.<\/p>\n<p style=\"text-align: justify;\">Prof. Jos\u00e9 Urbano<\/p>\n\n\n<figure class=\"wp-block-image size-large\"><img loading=\"lazy\" decoding=\"async\" width=\"1024\" height=\"998\" src=\"https:\/\/blogdoedvaldomagalhaes.com.br\/wp-content\/uploads\/2021\/05\/IMG-20210518-WA0006-1024x998.jpg\" alt=\"\" class=\"wp-image-70035\" srcset=\"https:\/\/blogdoedvaldomagalhaes.com.br\/wp-content\/uploads\/2021\/05\/IMG-20210518-WA0006-1024x998.jpg 1024w, https:\/\/blogdoedvaldomagalhaes.com.br\/wp-content\/uploads\/2021\/05\/IMG-20210518-WA0006-300x293.jpg 300w, https:\/\/blogdoedvaldomagalhaes.com.br\/wp-content\/uploads\/2021\/05\/IMG-20210518-WA0006-768x749.jpg 768w, https:\/\/blogdoedvaldomagalhaes.com.br\/wp-content\/uploads\/2021\/05\/IMG-20210518-WA0006.jpg 1080w\" sizes=\"auto, (max-width: 1024px) 100vw, 1024px\" \/><\/figure>\n\n\n\n<figure class=\"wp-block-image size-large\"><img loading=\"lazy\" decoding=\"async\" width=\"950\" height=\"950\" src=\"https:\/\/blogdoedvaldomagalhaes.com.br\/wp-content\/uploads\/2021\/05\/IMG-20210518-WA0010.jpg\" alt=\"\" class=\"wp-image-70043\" srcset=\"https:\/\/blogdoedvaldomagalhaes.com.br\/wp-content\/uploads\/2021\/05\/IMG-20210518-WA0010.jpg 950w, https:\/\/blogdoedvaldomagalhaes.com.br\/wp-content\/uploads\/2021\/05\/IMG-20210518-WA0010-300x300.jpg 300w, https:\/\/blogdoedvaldomagalhaes.com.br\/wp-content\/uploads\/2021\/05\/IMG-20210518-WA0010-150x150.jpg 150w, https:\/\/blogdoedvaldomagalhaes.com.br\/wp-content\/uploads\/2021\/05\/IMG-20210518-WA0010-768x768.jpg 768w\" sizes=\"auto, (max-width: 950px) 100vw, 950px\" \/><\/figure>\n\n\n\n<figure class=\"wp-block-image size-large\"><img loading=\"lazy\" decoding=\"async\" width=\"1024\" height=\"1024\" src=\"https:\/\/blogdoedvaldomagalhaes.com.br\/wp-content\/uploads\/2021\/05\/IMG-20210518-WA0009-1024x1024.jpg\" alt=\"\" class=\"wp-image-70041\" srcset=\"https:\/\/blogdoedvaldomagalhaes.com.br\/wp-content\/uploads\/2021\/05\/IMG-20210518-WA0009-1024x1024.jpg 1024w, https:\/\/blogdoedvaldomagalhaes.com.br\/wp-content\/uploads\/2021\/05\/IMG-20210518-WA0009-300x300.jpg 300w, https:\/\/blogdoedvaldomagalhaes.com.br\/wp-content\/uploads\/2021\/05\/IMG-20210518-WA0009-150x150.jpg 150w, https:\/\/blogdoedvaldomagalhaes.com.br\/wp-content\/uploads\/2021\/05\/IMG-20210518-WA0009-768x768.jpg 768w, https:\/\/blogdoedvaldomagalhaes.com.br\/wp-content\/uploads\/2021\/05\/IMG-20210518-WA0009.jpg 1280w\" sizes=\"auto, (max-width: 1024px) 100vw, 1024px\" \/><\/figure>\n\n\n\n<figure class=\"wp-block-image size-large\"><img loading=\"lazy\" decoding=\"async\" width=\"1024\" height=\"1024\" src=\"https:\/\/blogdoedvaldomagalhaes.com.br\/wp-content\/uploads\/2021\/05\/IMG-20210518-WA0068-1024x1024.jpg\" alt=\"\" class=\"wp-image-70039\" srcset=\"https:\/\/blogdoedvaldomagalhaes.com.br\/wp-content\/uploads\/2021\/05\/IMG-20210518-WA0068-1024x1024.jpg 1024w, https:\/\/blogdoedvaldomagalhaes.com.br\/wp-content\/uploads\/2021\/05\/IMG-20210518-WA0068-300x300.jpg 300w, https:\/\/blogdoedvaldomagalhaes.com.br\/wp-content\/uploads\/2021\/05\/IMG-20210518-WA0068-150x150.jpg 150w, https:\/\/blogdoedvaldomagalhaes.com.br\/wp-content\/uploads\/2021\/05\/IMG-20210518-WA0068-768x768.jpg 768w, https:\/\/blogdoedvaldomagalhaes.com.br\/wp-content\/uploads\/2021\/05\/IMG-20210518-WA0068.jpg 1280w\" sizes=\"auto, (max-width: 1024px) 100vw, 1024px\" \/><\/figure>\n\n\n<p style=\"text-align: justify;\">Assim como as \u00e1guas do Ipojuca cruzam os caminhos de milhares de pessoas no estado de Pernambuco, o Ipojuca tamb\u00e9m atravessou gera\u00e7\u00f5es e cruzou nas margens do tempo a cidade de Caruaru.<\/p>\n<p style=\"text-align: justify;\">Hoje em seu anivers\u00e1rio Caruaru completa 164 anos, fundada as margens do rio Ipojuca se desenvolveu plenamente e assim seu povo por muitos anos desfrutou das \u00e1guas do nosso rio e pode se banhar, brincar e sustentar sua fam\u00edlia atrav\u00e9s da agricultura com seus recursos na irriga\u00e7\u00e3o.<\/p>\n<p style=\"text-align: justify;\">Hoje n\u00e3o se pode mais tomar banho em suas \u00e1guas devida a polui\u00e7\u00e3o causada pela sociedade, mas vale salientar que os agricultores ainda usam desse manancial para produzir seu sustento.<\/p>\n<p style=\"text-align: justify;\">Com a esperan\u00e7a de dias melhores refor\u00e7amos nosso apelo cuidem do nosso rio e lutem pela sua sobreviv\u00eancia, assim estaremos cuidando do nosso futuro e das pr\u00f3ximas gera\u00e7\u00f5es.<\/p>\n<p style=\"text-align: justify;\">Parab\u00e9ns Caruaru! \ud83d\udca7\ud83d\udc99<\/p>","protected":false},"excerpt":{"rendered":"<p>Cidade que nasceu de uma fazenda herdada por tr\u00eas irm\u00e3os, Jos\u00e9 Rodrigues e suas irm\u00e3s, tivemos como primeira edifica\u00e7\u00e3o coletiva&hellip;<\/p>\n","protected":false},"author":1,"featured_media":70034,"comment_status":"open","ping_status":"open","sticky":false,"template":"","format":"standard","meta":{"footnotes":""},"categories":[14120],"tags":[21664,2,19532,1950],"class_list":["post-70033","post","type-post","status-publish","format-standard","has-post-thumbnail","hentry","category-noticias","tag-aniversario-em-tempos-de-pandemia-caruaru-comemora-164-anos","tag-blog-do-edvaldo-magalhaes","tag-blog-mais-acessado-e-visualizado-de-caruaru-e-regiao","tag-noticias-de-caruaru"],"_links":{"self":[{"href":"https:\/\/blogdoedvaldomagalhaes.com.br\/index.php\/wp-json\/wp\/v2\/posts\/70033","targetHints":{"allow":["GET"]}}],"collection":[{"href":"https:\/\/blogdoedvaldomagalhaes.com.br\/index.php\/wp-json\/wp\/v2\/posts"}],"about":[{"href":"https:\/\/blogdoedvaldomagalhaes.com.br\/index.php\/wp-json\/wp\/v2\/types\/post"}],"author":[{"embeddable":true,"href":"https:\/\/blogdoedvaldomagalhaes.com.br\/index.php\/wp-json\/wp\/v2\/users\/1"}],"replies":[{"embeddable":true,"href":"https:\/\/blogdoedvaldomagalhaes.com.br\/index.php\/wp-json\/wp\/v2\/comments?post=70033"}],"version-history":[{"count":5,"href":"https:\/\/blogdoedvaldomagalhaes.com.br\/index.php\/wp-json\/wp\/v2\/posts\/70033\/revisions"}],"predecessor-version":[{"id":70045,"href":"https:\/\/blogdoedvaldomagalhaes.com.br\/index.php\/wp-json\/wp\/v2\/posts\/70033\/revisions\/70045"}],"wp:featuredmedia":[{"embeddable":true,"href":"https:\/\/blogdoedvaldomagalhaes.com.br\/index.php\/wp-json\/wp\/v2\/media\/70034"}],"wp:attachment":[{"href":"https:\/\/blogdoedvaldomagalhaes.com.br\/index.php\/wp-json\/wp\/v2\/media?parent=70033"}],"wp:term":[{"taxonomy":"category","embeddable":true,"href":"https:\/\/blogdoedvaldomagalhaes.com.br\/index.php\/wp-json\/wp\/v2\/categories?post=70033"},{"taxonomy":"post_tag","embeddable":true,"href":"https:\/\/blogdoedvaldomagalhaes.com.br\/index.php\/wp-json\/wp\/v2\/tags?post=70033"}],"curies":[{"name":"wp","href":"https:\/\/api.w.org\/{rel}","templated":true}]}}