{"id":70030,"date":"2021-05-18T07:57:34","date_gmt":"2021-05-18T10:57:34","guid":{"rendered":"https:\/\/blogdoedvaldomagalhaes.com.br\/?p=70030"},"modified":"2021-05-18T07:57:37","modified_gmt":"2021-05-18T10:57:37","slug":"doenca-diverticular-dos-colons-atinge-2-milhoes-de-brasileiros-por-ano","status":"publish","type":"post","link":"https:\/\/blogdoedvaldomagalhaes.com.br\/index.php\/2021\/05\/18\/doenca-diverticular-dos-colons-atinge-2-milhoes-de-brasileiros-por-ano\/","title":{"rendered":"Doen\u00e7a diverticular dos c\u00f3lons atinge 2 milh\u00f5es de brasileiros por ano"},"content":{"rendered":"<p style=\"text-align: justify;\"><span style=\"font-size: inherit;\">Dif\u00edcil de ser diagnosticada por n\u00e3o apresentar sintomas, a menos que os divert\u00edculos inflamem ou estejam infectados (diverticulite), o que pode resultar em febre e dor abdominal, a doen\u00e7a diverticular dos c\u00f3lons \u00e9 uma afec\u00e7\u00e3o onde ocorre hernia\u00e7\u00e3o ou protus\u00e3o da mucosa do intestino grosso, em forma de sacula\u00e7\u00f5es, atrav\u00e9s das fibras musculares, em geral onde penetram os vasos sangu\u00edneos.<\/span><\/p>\n<p style=\"text-align: justify;\">\u201cQuando assintom\u00e1tica \u00e9 chamada de diverticulose. Ao primeiro sinal de problema, passa a ser conhecida por doen\u00e7a diverticular. J\u00e1 a diverticulite \u00e9 a inflama\u00e7\u00e3o dos divert\u00edculos, e deve ser tratada o quanto antes\u201d, explica o gastroenterologista, Dr. Carlos Bou\u00e7anova.<\/p>\n<p style=\"text-align: justify;\">A doen\u00e7a \u00e9 mais comum em pessoas a partir dos 40 anos e n\u00e3o possui cura. \u00c9 praticamente nula abaixo dos 35 anos e vai aumentando com a idade, atingindo 15% aos 50 anos, 35% aos 65 anos e 65% aos 85 anos de idade. Pode ser tratada com ajuda de um especialista para que o paciente possa melhorar a qualidade de vida e n\u00e3o sentir maiores inc\u00f4modos com o passar dos anos. \u201cO diagn\u00f3stico da doen\u00e7a acontece por meio da anamnese (entrevista entre o paciente e m\u00e9dico), exame f\u00edsico, complementados por exames laboratoriais e de imagens\u201d, como enfatiza Dr. Carlos Bou\u00e7anova.<\/p>\n<p style=\"text-align: justify;\">Sendo diagnosticada a diverticulite (uma inflama\u00e7\u00e3o), o tratamento pode acontecer por meio da ingest\u00e3o de uma dieta rica em alimentos repletos de fibras, como cereais integrais, feij\u00f5es, frutas e legumes e redu\u00e7\u00e3o de peso nos pacientes obesos. Tudo isso, auxilia a reduzir a press\u00e3o dentro do c\u00f3lon e, ent\u00e3o, as complica\u00e7\u00f5es ser\u00e3o mais dif\u00edceis de ocorrer. Sendo orientado por um especialista, o tratamento tamb\u00e9m pode acontecer atrav\u00e9s do uso de antibi\u00f3ticos orais ou venosos, restri\u00e7\u00f5es diet\u00e9ticas e algumas vezes emolientes fecais (laxantes).<\/p>\n<p style=\"text-align: justify;\">Para se obter um diagn\u00f3stico preciso da diverticulite, os especialistas orientam realizar uma ultrassonografia de abd\u00f4men e tomografia computadorizada. Exames de sangue (hemograma) e de urina tamb\u00e9m s\u00e3o \u00fateis para ajudar no diagn\u00f3stico diferencial. Outro procedimento \u00e9 a colonoscopia que ajuda, a saber, realmente onde est\u00e1 o problema.<\/p>\n<p style=\"text-align: justify;\">Caso a doen\u00e7a evolua e chegue a sua forma grave, segundo o gastroenterologista, Dr. Carlos Bou\u00e7anova, \u201ch\u00e1 necessidade de cirurgia, onde usualmente uma parte do c\u00f3lon (geralmente o c\u00f3lon esquerdo ou o sigm\u00f3ide) \u00e9 removida e uma colostomia tempor\u00e1ria pode ser feita\u201d. A cirurgia nos pacientes que apresentam hemorragia tamb\u00e9m esta indicada quando j\u00e1 houve mais de um epis\u00f3dio de sangramento, pois o risco de novo sangramento \u00e9 muito alto.<\/p>\n","protected":false},"excerpt":{"rendered":"<p>Dif\u00edcil de ser diagnosticada por n\u00e3o apresentar sintomas, a menos que os divert\u00edculos inflamem ou estejam infectados (diverticulite), o que&hellip;<\/p>\n","protected":false},"author":1,"featured_media":70031,"comment_status":"open","ping_status":"open","sticky":false,"template":"","format":"standard","meta":{"footnotes":""},"categories":[14120],"tags":[2,19532,21663,1950],"class_list":["post-70030","post","type-post","status-publish","format-standard","has-post-thumbnail","hentry","category-noticias","tag-blog-do-edvaldo-magalhaes","tag-blog-mais-acessado-e-visualizado-de-caruaru-e-regiao","tag-doenca-diverticular-dos-colons-atinge-2-milhoes-de-brasileiros-por-ano","tag-noticias-de-caruaru"],"_links":{"self":[{"href":"https:\/\/blogdoedvaldomagalhaes.com.br\/index.php\/wp-json\/wp\/v2\/posts\/70030","targetHints":{"allow":["GET"]}}],"collection":[{"href":"https:\/\/blogdoedvaldomagalhaes.com.br\/index.php\/wp-json\/wp\/v2\/posts"}],"about":[{"href":"https:\/\/blogdoedvaldomagalhaes.com.br\/index.php\/wp-json\/wp\/v2\/types\/post"}],"author":[{"embeddable":true,"href":"https:\/\/blogdoedvaldomagalhaes.com.br\/index.php\/wp-json\/wp\/v2\/users\/1"}],"replies":[{"embeddable":true,"href":"https:\/\/blogdoedvaldomagalhaes.com.br\/index.php\/wp-json\/wp\/v2\/comments?post=70030"}],"version-history":[{"count":1,"href":"https:\/\/blogdoedvaldomagalhaes.com.br\/index.php\/wp-json\/wp\/v2\/posts\/70030\/revisions"}],"predecessor-version":[{"id":70032,"href":"https:\/\/blogdoedvaldomagalhaes.com.br\/index.php\/wp-json\/wp\/v2\/posts\/70030\/revisions\/70032"}],"wp:featuredmedia":[{"embeddable":true,"href":"https:\/\/blogdoedvaldomagalhaes.com.br\/index.php\/wp-json\/wp\/v2\/media\/70031"}],"wp:attachment":[{"href":"https:\/\/blogdoedvaldomagalhaes.com.br\/index.php\/wp-json\/wp\/v2\/media?parent=70030"}],"wp:term":[{"taxonomy":"category","embeddable":true,"href":"https:\/\/blogdoedvaldomagalhaes.com.br\/index.php\/wp-json\/wp\/v2\/categories?post=70030"},{"taxonomy":"post_tag","embeddable":true,"href":"https:\/\/blogdoedvaldomagalhaes.com.br\/index.php\/wp-json\/wp\/v2\/tags?post=70030"}],"curies":[{"name":"wp","href":"https:\/\/api.w.org\/{rel}","templated":true}]}}