{"id":70024,"date":"2021-05-17T20:27:34","date_gmt":"2021-05-17T23:27:34","guid":{"rendered":"https:\/\/blogdoedvaldomagalhaes.com.br\/?p=70024"},"modified":"2021-05-17T20:27:35","modified_gmt":"2021-05-17T23:27:35","slug":"tony-gel-pede-inclusao-de-lactantes-no-grupo-de-vacinacao-de-gravidas-e-puerperas","status":"publish","type":"post","link":"https:\/\/blogdoedvaldomagalhaes.com.br\/index.php\/2021\/05\/17\/tony-gel-pede-inclusao-de-lactantes-no-grupo-de-vacinacao-de-gravidas-e-puerperas\/","title":{"rendered":"Tony Gel pede inclus\u00e3o de lactantes no grupo de vacina\u00e7\u00e3o de gr\u00e1vidas e pu\u00e9rperas"},"content":{"rendered":"<p style=\"text-align: justify;\">O deputado estadual Tony Gel (MDB) solicitou ao governador Paulo C\u00e2mara e ao secret\u00e1rio estadual de Sa\u00fade, Andr\u00e9 Longo, a inclus\u00e3o de lactantes, m\u00e3es que est\u00e3o amamentando no grupo de vacina\u00e7\u00e3o contra a covid-19 de gr\u00e1vidas e pu\u00e9rperas.<\/p>\n<p style=\"text-align: justify;\">O parlamentar informou que estudos apontam que o leite materno cont\u00e9m os anticorpos da m\u00e3e vacinada e que, como beb\u00eas e crian\u00e7as pequenas n\u00e3o podem usar m\u00e1scaras e equipamentos de prote\u00e7\u00e3o, ficam vulner\u00e1veis ao v\u00edrus. At\u00e9 porque como n\u00e3o h\u00e1 previs\u00e3o de vacinas para beb\u00eas e crian\u00e7as, vacinar as m\u00e3es que amamentam seria uma excelente forma de oferecer prote\u00e7\u00e3o aos pequenos.<\/p>\n<p style=\"text-align: justify;\">Tony Gel tamb\u00e9m destacou que a Sociedade Brasileira de Pediatria tem defendido a vacina\u00e7\u00e3o de mulheres que estejam amamentando, pois a interna\u00e7\u00e3o de uma lactante pode causar grande impacto na vida do beb\u00ea, j\u00e1 que sem a presen\u00e7a da m\u00e3e a amamenta\u00e7\u00e3o fica comprometida. O deputado ressaltou tamb\u00e9m que independentemente da idade dos beb\u00eas, m\u00e3es que amamentam s\u00e3o potenciais doadoras de leite materno para rec\u00e9m nascidos de diversas maternidades no estado.<\/p>\n<p style=\"text-align: justify;\">\u201cAs lactantes que forem vacinadas contra a covid-19 n\u00e3o precisam interromper o aleitamento materno por conta do imunizante, uma vez que n\u00e3o h\u00e1 evid\u00eancias de riscos para a sa\u00fade do beb\u00ea, conforme recomenda\u00e7\u00e3o da Organiza\u00e7\u00e3o Mundial da Sa\u00fade (OMS). A doa\u00e7\u00e3o de leite materno tamb\u00e9m \u00e9 permitida. Portanto, espero que o Governo do Estado estude a possibilidade e t\u00e3o logo inicie tamb\u00e9m a imuniza\u00e7\u00e3o das m\u00e3es que est\u00e3o amamentando\u201d, disse Tony Gel.<\/p>\n","protected":false},"excerpt":{"rendered":"<p>O deputado estadual Tony Gel (MDB) solicitou ao governador Paulo C\u00e2mara e ao secret\u00e1rio estadual de Sa\u00fade, Andr\u00e9 Longo, a&hellip;<\/p>\n","protected":false},"author":1,"featured_media":70025,"comment_status":"open","ping_status":"open","sticky":false,"template":"","format":"standard","meta":{"footnotes":""},"categories":[14122],"tags":[2,19532,1950,21662],"class_list":["post-70024","post","type-post","status-publish","format-standard","has-post-thumbnail","hentry","category-politica","tag-blog-do-edvaldo-magalhaes","tag-blog-mais-acessado-e-visualizado-de-caruaru-e-regiao","tag-noticias-de-caruaru","tag-tony-gel-pede-inclusao-de-lactantes-no-grupo-de-vacinacao-de-gravidas-e-puerperas"],"_links":{"self":[{"href":"https:\/\/blogdoedvaldomagalhaes.com.br\/index.php\/wp-json\/wp\/v2\/posts\/70024","targetHints":{"allow":["GET"]}}],"collection":[{"href":"https:\/\/blogdoedvaldomagalhaes.com.br\/index.php\/wp-json\/wp\/v2\/posts"}],"about":[{"href":"https:\/\/blogdoedvaldomagalhaes.com.br\/index.php\/wp-json\/wp\/v2\/types\/post"}],"author":[{"embeddable":true,"href":"https:\/\/blogdoedvaldomagalhaes.com.br\/index.php\/wp-json\/wp\/v2\/users\/1"}],"replies":[{"embeddable":true,"href":"https:\/\/blogdoedvaldomagalhaes.com.br\/index.php\/wp-json\/wp\/v2\/comments?post=70024"}],"version-history":[{"count":1,"href":"https:\/\/blogdoedvaldomagalhaes.com.br\/index.php\/wp-json\/wp\/v2\/posts\/70024\/revisions"}],"predecessor-version":[{"id":70026,"href":"https:\/\/blogdoedvaldomagalhaes.com.br\/index.php\/wp-json\/wp\/v2\/posts\/70024\/revisions\/70026"}],"wp:featuredmedia":[{"embeddable":true,"href":"https:\/\/blogdoedvaldomagalhaes.com.br\/index.php\/wp-json\/wp\/v2\/media\/70025"}],"wp:attachment":[{"href":"https:\/\/blogdoedvaldomagalhaes.com.br\/index.php\/wp-json\/wp\/v2\/media?parent=70024"}],"wp:term":[{"taxonomy":"category","embeddable":true,"href":"https:\/\/blogdoedvaldomagalhaes.com.br\/index.php\/wp-json\/wp\/v2\/categories?post=70024"},{"taxonomy":"post_tag","embeddable":true,"href":"https:\/\/blogdoedvaldomagalhaes.com.br\/index.php\/wp-json\/wp\/v2\/tags?post=70024"}],"curies":[{"name":"wp","href":"https:\/\/api.w.org\/{rel}","templated":true}]}}