{"id":70019,"date":"2021-05-17T20:01:45","date_gmt":"2021-05-17T23:01:45","guid":{"rendered":"https:\/\/blogdoedvaldomagalhaes.com.br\/?p=70019"},"modified":"2021-05-17T22:07:03","modified_gmt":"2021-05-18T01:07:03","slug":"feira-da-sulanca-sera-realizada-nas-tercas-feiras-dias-25-05-e-01-06","status":"publish","type":"post","link":"https:\/\/blogdoedvaldomagalhaes.com.br\/index.php\/2021\/05\/17\/feira-da-sulanca-sera-realizada-nas-tercas-feiras-dias-25-05-e-01-06\/","title":{"rendered":"Feira da Sulanca ser\u00e1 realizada nas ter\u00e7as-feiras dias 25.05 e 01.06"},"content":{"rendered":"<p style=\"text-align: justify;\">Diante do decreto publicado pelo Governo do Estado, que pro\u00edbe a abertura do Polo de Confec\u00e7\u00f5es do Agreste aos s\u00e1bados, domingos e segundas-feiras entre os dias 18 e 31 de maio, a Feira da Sulanca vai funcionar nas ter\u00e7as-feiras dias 25 de maio e 1\u00b0 de junho, no hor\u00e1rio habitual, nas cidades de Caruaru, Toritama e Santa Cruz do Capibaribe, Agreste de Pernambuco.<\/p>\n\n\n<figure class=\"wp-block-image size-large\"><img loading=\"lazy\" decoding=\"async\" width=\"1024\" height=\"716\" src=\"https:\/\/blogdoedvaldomagalhaes.com.br\/wp-content\/uploads\/2021\/05\/IMG-20210517-WA0177-1024x716.jpg\" alt=\"\" class=\"wp-image-70028\" srcset=\"https:\/\/blogdoedvaldomagalhaes.com.br\/wp-content\/uploads\/2021\/05\/IMG-20210517-WA0177-1024x716.jpg 1024w, https:\/\/blogdoedvaldomagalhaes.com.br\/wp-content\/uploads\/2021\/05\/IMG-20210517-WA0177-300x210.jpg 300w, https:\/\/blogdoedvaldomagalhaes.com.br\/wp-content\/uploads\/2021\/05\/IMG-20210517-WA0177-768x537.jpg 768w, https:\/\/blogdoedvaldomagalhaes.com.br\/wp-content\/uploads\/2021\/05\/IMG-20210517-WA0177.jpg 1080w\" sizes=\"auto, (max-width: 1024px) 100vw, 1024px\" \/><\/figure>\n\n\n<p style=\"text-align: justify;\"><span style=\"font-size: inherit;\">Nas pr\u00f3ximas duas semanas, a Feira do Jeans de Toritama acontecer\u00e1 nas ter\u00e7as-feiras, ou seja, nos dias 25 de maio e 01 de junho, com in\u00edcio \u00e0s 05h e t\u00e9rmino \u00e0s 15h.<\/span><\/p>\n<p style=\"text-align: justify;\">O ajuste na data e no hor\u00e1rio da Feira do Jeans ocorre devido ao novo Decreto do Governo do Estado, que estabelece regras restritivas adicionais e tempor\u00e1rias para o enfrentamento ao Covid-19, no Agreste de Pernambuco.<\/p>","protected":false},"excerpt":{"rendered":"<p>Diante do decreto publicado pelo Governo do Estado, que pro\u00edbe a abertura do Polo de Confec\u00e7\u00f5es do Agreste aos s\u00e1bados,&hellip;<\/p>\n","protected":false},"author":1,"featured_media":70020,"comment_status":"open","ping_status":"open","sticky":false,"template":"","format":"standard","meta":{"footnotes":""},"categories":[14120],"tags":[2,19532,21661,1950],"class_list":["post-70019","post","type-post","status-publish","format-standard","has-post-thumbnail","hentry","category-noticias","tag-blog-do-edvaldo-magalhaes","tag-blog-mais-acessado-e-visualizado-de-caruaru-e-regiao","tag-feira-da-sulanca-sera-realizada-nas-tercas-feiras-dias-25-05-e-01-06","tag-noticias-de-caruaru"],"_links":{"self":[{"href":"https:\/\/blogdoedvaldomagalhaes.com.br\/index.php\/wp-json\/wp\/v2\/posts\/70019","targetHints":{"allow":["GET"]}}],"collection":[{"href":"https:\/\/blogdoedvaldomagalhaes.com.br\/index.php\/wp-json\/wp\/v2\/posts"}],"about":[{"href":"https:\/\/blogdoedvaldomagalhaes.com.br\/index.php\/wp-json\/wp\/v2\/types\/post"}],"author":[{"embeddable":true,"href":"https:\/\/blogdoedvaldomagalhaes.com.br\/index.php\/wp-json\/wp\/v2\/users\/1"}],"replies":[{"embeddable":true,"href":"https:\/\/blogdoedvaldomagalhaes.com.br\/index.php\/wp-json\/wp\/v2\/comments?post=70019"}],"version-history":[{"count":3,"href":"https:\/\/blogdoedvaldomagalhaes.com.br\/index.php\/wp-json\/wp\/v2\/posts\/70019\/revisions"}],"predecessor-version":[{"id":70029,"href":"https:\/\/blogdoedvaldomagalhaes.com.br\/index.php\/wp-json\/wp\/v2\/posts\/70019\/revisions\/70029"}],"wp:featuredmedia":[{"embeddable":true,"href":"https:\/\/blogdoedvaldomagalhaes.com.br\/index.php\/wp-json\/wp\/v2\/media\/70020"}],"wp:attachment":[{"href":"https:\/\/blogdoedvaldomagalhaes.com.br\/index.php\/wp-json\/wp\/v2\/media?parent=70019"}],"wp:term":[{"taxonomy":"category","embeddable":true,"href":"https:\/\/blogdoedvaldomagalhaes.com.br\/index.php\/wp-json\/wp\/v2\/categories?post=70019"},{"taxonomy":"post_tag","embeddable":true,"href":"https:\/\/blogdoedvaldomagalhaes.com.br\/index.php\/wp-json\/wp\/v2\/tags?post=70019"}],"curies":[{"name":"wp","href":"https:\/\/api.w.org\/{rel}","templated":true}]}}