{"id":7001,"date":"2017-01-20T21:00:00","date_gmt":"2017-01-20T23:00:00","guid":{"rendered":"http:\/\/blogdoedvaldomagalhaes.com.br\/index.php\/2017\/01\/20\/gramado-do-estadio-lacerdao-passa-por\/"},"modified":"2019-02-09T01:14:23","modified_gmt":"2019-02-09T03:14:23","slug":"gramado-do-estadio-lacerdao-passa-por","status":"publish","type":"post","link":"https:\/\/blogdoedvaldomagalhaes.com.br\/index.php\/2017\/01\/20\/gramado-do-estadio-lacerdao-passa-por\/","title":{"rendered":"Gramado do Est\u00e1dio Lacerd\u00e3o passa por melhorias e FPF vai fazer vistoria"},"content":{"rendered":"<div class=\"separator\" style=\"clear: both; text-align: center;\">\n<a href=\"https:\/\/2.bp.blogspot.com\/-JF6gh2_F6xY\/WIJ5PBlSsXI\/AAAAAAAAN0g\/SgHrtE6CB0MaoQYfWLgDqpoH88AhGbJzQCLcB\/s1600\/gramado.jpg\" imageanchor=\"1\" style=\"margin-left: 1em; margin-right: 1em;\"><img loading=\"lazy\" decoding=\"async\" border=\"0\" height=\"224\" src=\"http:\/\/blogdoedvaldomagalhaes.com.br\/wp-content\/uploads\/2017\/01\/gramado.jpg\" width=\"400\" \/><\/a><\/div>\n<div style=\"text-align: justify;\">\nO gramado do Est\u00e1dio Luiz Jos\u00e9 de Lacerda (Lacerd\u00e3o), em Caruaru, est\u00e1 passando por um procedimento de recupera\u00e7\u00e3o, que inclui corte, retirada de praga, forra\u00e7\u00e3o e aduba\u00e7\u00e3o, tudo isso \u00e9 para que o est\u00e1dio fique&nbsp; pronto a tempo de receber as partidas do Hexagonal do T\u00edtulo do Campeonato Pernambucano da S\u00e9rie A1.<\/div>\n<div style=\"text-align: justify;\">\n<\/div>\n<div style=\"text-align: justify;\">\nO Central est\u00e1 perto da classifica\u00e7\u00e3o, e h\u00e1&nbsp; rumores que se o Hexagonal come\u00e7asse hoje o est\u00e1dio Lacerd\u00e3o, n\u00e3o estaria apto para receber as partidas, devido \u00e0s condi\u00e7\u00f5es do gramado atualmente.<\/div>\n<div style=\"text-align: justify;\">\n<\/div>\n<p><\/p>\n<div style=\"-webkit-font-smoothing: antialiased; background-color: white; border: 0px; box-sizing: content-box; font-stretch: inherit; font-variant-numeric: inherit; line-height: 25px; padding: 0px 0px 1.5em; text-align: justify; vertical-align: baseline; word-wrap: break-word;\">\nA Federa\u00e7\u00e3o Pernambucana de Futebol (FPF-PE) vai fazer novas vistorias nos gramados dos est\u00e1dios do interior de Pernambuco, entre os dias 21 e 24 deste m\u00eas.<\/div>\n","protected":false},"excerpt":{"rendered":"<p>O gramado do Est\u00e1dio Luiz Jos\u00e9 de Lacerda (Lacerd\u00e3o), em Caruaru, est\u00e1 passando por um procedimento de recupera\u00e7\u00e3o, que inclui&hellip;<\/p>\n","protected":false},"author":1,"featured_media":0,"comment_status":"open","ping_status":"open","sticky":false,"template":"","format":"standard","meta":{"footnotes":""},"categories":[1],"tags":[2,3,9618],"class_list":["post-7001","post","type-post","status-publish","format-standard","hentry","category-sem-categoria","tag-blog-do-edvaldo-magalhaes","tag-futebol","tag-gramado-do-estadio-lacerdao-passa-por-melhorias-e-fpf-vai-fazer-vistoria"],"_links":{"self":[{"href":"https:\/\/blogdoedvaldomagalhaes.com.br\/index.php\/wp-json\/wp\/v2\/posts\/7001","targetHints":{"allow":["GET"]}}],"collection":[{"href":"https:\/\/blogdoedvaldomagalhaes.com.br\/index.php\/wp-json\/wp\/v2\/posts"}],"about":[{"href":"https:\/\/blogdoedvaldomagalhaes.com.br\/index.php\/wp-json\/wp\/v2\/types\/post"}],"author":[{"embeddable":true,"href":"https:\/\/blogdoedvaldomagalhaes.com.br\/index.php\/wp-json\/wp\/v2\/users\/1"}],"replies":[{"embeddable":true,"href":"https:\/\/blogdoedvaldomagalhaes.com.br\/index.php\/wp-json\/wp\/v2\/comments?post=7001"}],"version-history":[{"count":1,"href":"https:\/\/blogdoedvaldomagalhaes.com.br\/index.php\/wp-json\/wp\/v2\/posts\/7001\/revisions"}],"predecessor-version":[{"id":16179,"href":"https:\/\/blogdoedvaldomagalhaes.com.br\/index.php\/wp-json\/wp\/v2\/posts\/7001\/revisions\/16179"}],"wp:attachment":[{"href":"https:\/\/blogdoedvaldomagalhaes.com.br\/index.php\/wp-json\/wp\/v2\/media?parent=7001"}],"wp:term":[{"taxonomy":"category","embeddable":true,"href":"https:\/\/blogdoedvaldomagalhaes.com.br\/index.php\/wp-json\/wp\/v2\/categories?post=7001"},{"taxonomy":"post_tag","embeddable":true,"href":"https:\/\/blogdoedvaldomagalhaes.com.br\/index.php\/wp-json\/wp\/v2\/tags?post=7001"}],"curies":[{"name":"wp","href":"https:\/\/api.w.org\/{rel}","templated":true}]}}