{"id":70009,"date":"2021-05-17T18:06:29","date_gmt":"2021-05-17T21:06:29","guid":{"rendered":"https:\/\/blogdoedvaldomagalhaes.com.br\/?p=70009"},"modified":"2021-05-17T18:20:14","modified_gmt":"2021-05-17T21:20:14","slug":"feriado-do-aniversario-de-caruaru-confira-o-que-abre-e-fecha-nesta-terca-feira-18","status":"publish","type":"post","link":"https:\/\/blogdoedvaldomagalhaes.com.br\/index.php\/2021\/05\/17\/feriado-do-aniversario-de-caruaru-confira-o-que-abre-e-fecha-nesta-terca-feira-18\/","title":{"rendered":"Feriado do Anivers\u00e1rio de Caruaru: Confira o que abre e fecha nesta ter\u00e7a-feira (18)"},"content":{"rendered":"<p style=\"text-align: justify;\"><span style=\"font-size: inherit;\">O munic\u00edpio de Caruaru completa 164 anos, nesta ter\u00e7a-feira (18). Confira o que abre e fecha no feriado municipal:<\/span><\/p>\n<p style=\"text-align: justify;\">Estar\u00e3o fechadas as ag\u00eancias banc\u00e1rias e as casas lot\u00e9ricas.<\/p>\n<p style=\"text-align: justify;\">A ag\u00eancia do INSS Caruaru, estar\u00e1 funcionando normalmente.<\/p>\n<p style=\"text-align: justify;\">As lojas que solicitaram abertura, podem funcionar das 8h \u00e0s 18h.<\/p>\n<p style=\"text-align: justify;\">No Shopping Difusora as lojas, quiosques e pra\u00e7a de alimenta\u00e7\u00e3o funcionam das 10h \u00e0s 18h. A Farm\u00e1cia Drogasil funciona das 8h \u00e0s 20h.<\/p>\n<p style=\"text-align: justify;\">Polo Caruaru funciona das 9h \u00e0s 17h.<\/p>\n<p style=\"text-align: justify;\">Hospitais, UPAs e Samu funcionam normalmente com com urg\u00eancia e emerg\u00eancia, e com expediente no Centro Municipal de Vacina\u00e7\u00e3o, das 7h \u00e0s 19h, no Espa\u00e7o Cultural Tancredo Neves. Estar\u00e3o fechados os servi\u00e7os ambulatoriais nas Unidades B\u00e1sicas de Sa\u00fade (UBS) e no Centro Municipal de Testagem, que s\u00f3 reabrem na quarta-feira (19).<\/p>\n<p style=\"text-align: justify;\">Secretaria de Desenvolvimento Social e Direitos Humanos, ter\u00e1 plant\u00e3o do aux\u00edlio funeral pelos telefones 98384-2410 e 98384-3756, assim como atendimento para popula\u00e7\u00e3o em situa\u00e7\u00e3o de rua no Acolhimento Adulto, que fica na Rua Alferes Jorge, Bairro Indian\u00f3polis.<\/p>\n<p style=\"text-align: justify;\">Os parques urbanos funcionar\u00e3o das 9h \u00e0s 17h, bem como o Parque Natural Professor Jo\u00e3o Vasconcelos Sobrinho (Serra dos Cavalos), das 9h \u00e0s 16h. A coleta de lixo, assim como as manuten\u00e7\u00f5es de ilumina\u00e7\u00e3o p\u00fablica e do Rio Ipojuca, acontecer\u00e3o normalmente.<\/p>\n<p style=\"text-align: justify;\">O Centro de Refer\u00eancia da Mulher Maria Bonita (acolhimento de mulheres v\u00edtimas de viol\u00eancia) pelo telefone: 98384-4310.<\/p>\n","protected":false},"excerpt":{"rendered":"<p>O munic\u00edpio de Caruaru completa 164 anos, nesta ter\u00e7a-feira (18). Confira o que abre e fecha no feriado municipal: Estar\u00e3o&hellip;<\/p>\n","protected":false},"author":1,"featured_media":70010,"comment_status":"open","ping_status":"open","sticky":false,"template":"","format":"standard","meta":{"footnotes":""},"categories":[14120],"tags":[2,19532,21659,1950],"class_list":["post-70009","post","type-post","status-publish","format-standard","has-post-thumbnail","hentry","category-noticias","tag-blog-do-edvaldo-magalhaes","tag-blog-mais-acessado-e-visualizado-de-caruaru-e-regiao","tag-feriado-do-aniversario-de-caruaru-confira-o-que-abre-e-fecha-nesta-terca-feira-18","tag-noticias-de-caruaru"],"_links":{"self":[{"href":"https:\/\/blogdoedvaldomagalhaes.com.br\/index.php\/wp-json\/wp\/v2\/posts\/70009","targetHints":{"allow":["GET"]}}],"collection":[{"href":"https:\/\/blogdoedvaldomagalhaes.com.br\/index.php\/wp-json\/wp\/v2\/posts"}],"about":[{"href":"https:\/\/blogdoedvaldomagalhaes.com.br\/index.php\/wp-json\/wp\/v2\/types\/post"}],"author":[{"embeddable":true,"href":"https:\/\/blogdoedvaldomagalhaes.com.br\/index.php\/wp-json\/wp\/v2\/users\/1"}],"replies":[{"embeddable":true,"href":"https:\/\/blogdoedvaldomagalhaes.com.br\/index.php\/wp-json\/wp\/v2\/comments?post=70009"}],"version-history":[{"count":2,"href":"https:\/\/blogdoedvaldomagalhaes.com.br\/index.php\/wp-json\/wp\/v2\/posts\/70009\/revisions"}],"predecessor-version":[{"id":70013,"href":"https:\/\/blogdoedvaldomagalhaes.com.br\/index.php\/wp-json\/wp\/v2\/posts\/70009\/revisions\/70013"}],"wp:featuredmedia":[{"embeddable":true,"href":"https:\/\/blogdoedvaldomagalhaes.com.br\/index.php\/wp-json\/wp\/v2\/media\/70010"}],"wp:attachment":[{"href":"https:\/\/blogdoedvaldomagalhaes.com.br\/index.php\/wp-json\/wp\/v2\/media?parent=70009"}],"wp:term":[{"taxonomy":"category","embeddable":true,"href":"https:\/\/blogdoedvaldomagalhaes.com.br\/index.php\/wp-json\/wp\/v2\/categories?post=70009"},{"taxonomy":"post_tag","embeddable":true,"href":"https:\/\/blogdoedvaldomagalhaes.com.br\/index.php\/wp-json\/wp\/v2\/tags?post=70009"}],"curies":[{"name":"wp","href":"https:\/\/api.w.org\/{rel}","templated":true}]}}