{"id":700,"date":"2018-11-15T15:20:00","date_gmt":"2018-11-15T17:20:00","guid":{"rendered":"http:\/\/blogdoedvaldomagalhaes.com.br\/index.php\/2018\/11\/15\/morre-jornalista-antonio-miranda-apos\/"},"modified":"2019-02-09T02:39:47","modified_gmt":"2019-02-09T04:39:47","slug":"morre-jornalista-antonio-miranda-apos","status":"publish","type":"post","link":"https:\/\/blogdoedvaldomagalhaes.com.br\/index.php\/2018\/11\/15\/morre-jornalista-antonio-miranda-apos\/","title":{"rendered":"Morre jornalista Ant\u00f4nio Miranda ap\u00f3s passar mal dentro de ve\u00edculo"},"content":{"rendered":"<div class=\"separator\" style=\"clear: both; text-align: center;\">\n<a href=\"https:\/\/3.bp.blogspot.com\/-TLvWgQfRsYs\/W-2NTN_wVkI\/AAAAAAAA9oM\/y4c1mQR5-3kxKmzH6J2BlEZoMnuheEiVACLcBGAs\/s1600\/jorna.jpeg\" imageanchor=\"1\" style=\"margin-left: 1em; margin-right: 1em;\"><img loading=\"lazy\" decoding=\"async\" border=\"0\" data-original-height=\"629\" data-original-width=\"600\" height=\"640\" src=\"http:\/\/blogdoedvaldomagalhaes.com.br\/wp-content\/uploads\/2018\/11\/jorna.jpeg\" width=\"610\" \/><\/a><\/div>\n<div class=\"separator\" style=\"clear: both; text-align: center;\">\n<\/div>\n<div class=\"separator\" style=\"clear: both; text-align: justify;\">\nMorreu na manh\u00e3 desta quinta-feira (15), o jornalista Ant\u00f4nio Miranda Cavalcante, de 95 anos, quando viajava com o filho Ant\u00f4nio, de Caruaru para a Ilha de Itamarac\u00e1, na Regi\u00e3o Metropolitana do Recife. Ele passou mal dentro do ve\u00edculo,&nbsp;foi levado para um hospital do Recife, mas n\u00e3o resistiu, devido um AVC hemorr\u00e1gico.<\/div>\n<div class=\"separator\" style=\"clear: both; text-align: justify;\">\n<\/div>\n<div class=\"separator\" style=\"clear: both; text-align: justify;\">\nO caruaruense Antonio Miranda Cavalcante nasceu no dia 1\u00ba de abril de 1923, na famosa Rua Preta, no bairro S\u00e3o Francisco. Casou com Francisca, em 7 de dezembro de 1950, com quem teve tr\u00eas filhos: Antonio, Sueli e Rosa. Aposentado pelo DP, o jornalista recebeu diversas homenagens, e trabalhou em v\u00e1rios ve\u00edculos de comunica\u00e7\u00e3o, entre eles no Jornal Vanguarda, Di\u00e1rio de Pernambuco e antigo Jornal do Agreste.&nbsp;Ele tamb\u00e9m foi assessor de imprensa dos ex-prefeitos Jo\u00e3o Lyra Filho, Jos\u00e9 Queiroz e Jo\u00e3o Lyra Neto, e atuou tamb\u00e9m na Acic.<\/div>\n<div class=\"separator\" style=\"clear: both; text-align: justify;\">\n<\/div>\n<div class=\"separator\" style=\"clear: both; text-align: justify;\">\nUm dos destaques na carreira dele foi cobrir a viagem do Mestre Vitalino ao Rio de Janeiro, nos anos de 1950.&nbsp;<\/div>\n<div class=\"separator\" style=\"clear: both; text-align: justify;\">\n<\/div>\n<div class=\"separator\" style=\"clear: both; text-align: justify;\">\nO corpo est\u00e1 no vel\u00f3rio Dom Bosco, e o sepultamento ser\u00e1 \u00e0s 08h da manh\u00e3 desta sexta-feira (16), no Cemit\u00e9rio Dom Bosco.<\/div>\n<div class=\"separator\" style=\"clear: both; text-align: justify;\">\n<\/div>\n<div class=\"separator\" style=\"clear: both; text-align: justify;\">\n<b>NOTA DE PESAR<\/b><\/div>\n<div class=\"separator\" style=\"clear: both; text-align: justify;\">\n<\/div>\n<div class=\"separator\" style=\"clear: both; text-align: justify;\">\n\u00c9 com enorme pesar que recebo a not\u00edcia do falecimento do jornalista caruaruense Ant\u00f4nio Miranda. Ex-colaborador do jornal Vanguarda de Caruaru, Diario de Pernambuco, entre outros ve\u00edculos de comunica\u00e7\u00e3o, seu Miranda nos enriqueceu com suas cr\u00f4nicas e poesias, al\u00e9m dos bastidores pol\u00edticos e das a\u00e7\u00f5es dos movimentos sociais, econ\u00f4micos e religiosos. A imprensa pernambucana perde um grande personagem, que ficar\u00e1 para sua hist\u00f3ria. Que Deus conforte seus familiares e amigos.&nbsp;<\/div>\n<div class=\"separator\" style=\"clear: both; text-align: justify;\">\n<\/div>\n<div class=\"separator\" style=\"clear: both; text-align: justify;\">\nRaquel Lyra<\/div>\n<div class=\"separator\" style=\"clear: both; text-align: justify;\">\nPrefeita de Caruaru<\/div>\n","protected":false},"excerpt":{"rendered":"<p>Morreu na manh\u00e3 desta quinta-feira (15), o jornalista Ant\u00f4nio Miranda Cavalcante, de 95 anos, quando viajava com o filho Ant\u00f4nio,&hellip;<\/p>\n","protected":false},"author":1,"featured_media":0,"comment_status":"open","ping_status":"open","sticky":false,"template":"","format":"standard","meta":{"footnotes":""},"categories":[1],"tags":[2,639,6],"class_list":["post-700","post","type-post","status-publish","format-standard","hentry","category-sem-categoria","tag-blog-do-edvaldo-magalhaes","tag-morre-jornalista-antonio-miranda-apos-passar-mal-dentro-de-veiculo","tag-noticias"],"_links":{"self":[{"href":"https:\/\/blogdoedvaldomagalhaes.com.br\/index.php\/wp-json\/wp\/v2\/posts\/700","targetHints":{"allow":["GET"]}}],"collection":[{"href":"https:\/\/blogdoedvaldomagalhaes.com.br\/index.php\/wp-json\/wp\/v2\/posts"}],"about":[{"href":"https:\/\/blogdoedvaldomagalhaes.com.br\/index.php\/wp-json\/wp\/v2\/types\/post"}],"author":[{"embeddable":true,"href":"https:\/\/blogdoedvaldomagalhaes.com.br\/index.php\/wp-json\/wp\/v2\/users\/1"}],"replies":[{"embeddable":true,"href":"https:\/\/blogdoedvaldomagalhaes.com.br\/index.php\/wp-json\/wp\/v2\/comments?post=700"}],"version-history":[{"count":1,"href":"https:\/\/blogdoedvaldomagalhaes.com.br\/index.php\/wp-json\/wp\/v2\/posts\/700\/revisions"}],"predecessor-version":[{"id":35858,"href":"https:\/\/blogdoedvaldomagalhaes.com.br\/index.php\/wp-json\/wp\/v2\/posts\/700\/revisions\/35858"}],"wp:attachment":[{"href":"https:\/\/blogdoedvaldomagalhaes.com.br\/index.php\/wp-json\/wp\/v2\/media?parent=700"}],"wp:term":[{"taxonomy":"category","embeddable":true,"href":"https:\/\/blogdoedvaldomagalhaes.com.br\/index.php\/wp-json\/wp\/v2\/categories?post=700"},{"taxonomy":"post_tag","embeddable":true,"href":"https:\/\/blogdoedvaldomagalhaes.com.br\/index.php\/wp-json\/wp\/v2\/tags?post=700"}],"curies":[{"name":"wp","href":"https:\/\/api.w.org\/{rel}","templated":true}]}}