{"id":70,"date":"2019-02-01T13:41:00","date_gmt":"2019-02-01T15:41:00","guid":{"rendered":"http:\/\/blogdoedvaldomagalhaes.com.br\/index.php\/2019\/02\/01\/operacao-verao-2019-esta-sendo\/"},"modified":"2019-02-09T02:51:34","modified_gmt":"2019-02-09T04:51:34","slug":"operacao-verao-2019-esta-sendo","status":"publish","type":"post","link":"https:\/\/blogdoedvaldomagalhaes.com.br\/index.php\/2019\/02\/01\/operacao-verao-2019-esta-sendo\/","title":{"rendered":"Opera\u00e7\u00e3o Ver\u00e3o 2019 est\u00e1 sendo executada durante esse per\u00edodo em Caruaru"},"content":{"rendered":"<div class=\"separator\" style=\"clear: both; text-align: center;\">\n<a href=\"https:\/\/1.bp.blogspot.com\/-ploMd7cz0GM\/XFRAIKCzY5I\/AAAAAAABB38\/fUKMUDyMQegNkPE3lj6R3Qj3jVwuooDEACLcBGAs\/s1600\/IMG-20190201-WA0007.jpg\" imageanchor=\"1\" style=\"margin-left: 1em; margin-right: 1em;\"><img loading=\"lazy\" decoding=\"async\" border=\"0\" data-original-height=\"774\" data-original-width=\"1032\" height=\"480\" src=\"http:\/\/blogdoedvaldomagalhaes.com.br\/wp-content\/uploads\/2019\/02\/IMG-20190201-WA0007.jpg\" width=\"640\" \/><\/a><\/div>\n<div style=\"text-align: justify;\">\n<\/div>\n<div style=\"text-align: justify;\">\nA prefeitura est\u00e1 executando a Opera\u00e7\u00e3o Ver\u00e3o 2019, que est\u00e1 levando uma s\u00e9rie de a\u00e7\u00f5es de limpeza para toda a cidade.<\/div>\n<div style=\"text-align: justify;\">\nOs servi\u00e7os de limpeza&nbsp; est\u00e3o sendo realizadas no Rio Ipojuca e canais da cidade.<\/div>\n<div style=\"text-align: justify;\">\nAs equipes est\u00e3o trabalhando na remo\u00e7\u00e3o de entulhos, lixo e baronesas em todo o trecho do rio e nos canais que cortam os bairros.<\/div>\n<div style=\"text-align: justify;\">\n<\/div>\n<div style=\"text-align: justify;\">\nEst\u00e3o sendo realizadas tamb\u00e9m a desobstru\u00e7\u00e3o de bueiros e canais e a manuten\u00e7\u00e3o das calhas.<\/div>\n<div style=\"text-align: justify;\">\n<\/div>\n<div style=\"text-align: justify;\">\nAl\u00e9m das a\u00e7\u00f5es voltadas para o rio Ipojuca, a Opera\u00e7\u00e3o Ver\u00e3o 2019, j\u00e1&nbsp; est\u00e1 contemplando a limpeza das ruas da cidade (varri\u00e7\u00e3o, capina\u00e7\u00e3o e podas);&nbsp; a remo\u00e7\u00e3o de entulhos; raspagem da linha d&#8217;\u00e1gua e um trabalho de conscientiza\u00e7\u00e3o com a popula\u00e7\u00e3o.<\/div>\n<div style=\"text-align: justify;\">\n<\/div>\n<div style=\"text-align: justify;\">\nAs equipes est\u00e3o orientando a popula\u00e7\u00e3o sobre o descarte correto do lixo;&nbsp; o uso dos cont\u00eaineres;&nbsp; o descarte irregular de entulhos \u00e0s margens do rio e levando informa\u00e7\u00f5es sobre os servi\u00e7os da Coleta Seletiva e o servi\u00e7o do Cata-Treco.<\/div>\n<div style=\"text-align: justify;\">\n<\/div>\n<div style=\"text-align: justify;\">\nInforma\u00e7\u00f5es: Tony Maciel\/Assessor de Imprensa.<\/div>\n<div style=\"text-align: justify;\">\n<\/div>\n","protected":false},"excerpt":{"rendered":"<p>A prefeitura est\u00e1 executando a Opera\u00e7\u00e3o Ver\u00e3o 2019, que est\u00e1 levando uma s\u00e9rie de a\u00e7\u00f5es de limpeza para toda a&hellip;<\/p>\n","protected":false},"author":1,"featured_media":0,"comment_status":"open","ping_status":"open","sticky":false,"template":"","format":"standard","meta":{"footnotes":""},"categories":[1],"tags":[2,6,77],"class_list":["post-70","post","type-post","status-publish","format-standard","hentry","category-sem-categoria","tag-blog-do-edvaldo-magalhaes","tag-noticias","tag-operacao-verao-2019-esta-sendo-executada-durante-esse-periodo-em-caruaru"],"_links":{"self":[{"href":"https:\/\/blogdoedvaldomagalhaes.com.br\/index.php\/wp-json\/wp\/v2\/posts\/70","targetHints":{"allow":["GET"]}}],"collection":[{"href":"https:\/\/blogdoedvaldomagalhaes.com.br\/index.php\/wp-json\/wp\/v2\/posts"}],"about":[{"href":"https:\/\/blogdoedvaldomagalhaes.com.br\/index.php\/wp-json\/wp\/v2\/types\/post"}],"author":[{"embeddable":true,"href":"https:\/\/blogdoedvaldomagalhaes.com.br\/index.php\/wp-json\/wp\/v2\/users\/1"}],"replies":[{"embeddable":true,"href":"https:\/\/blogdoedvaldomagalhaes.com.br\/index.php\/wp-json\/wp\/v2\/comments?post=70"}],"version-history":[{"count":1,"href":"https:\/\/blogdoedvaldomagalhaes.com.br\/index.php\/wp-json\/wp\/v2\/posts\/70\/revisions"}],"predecessor-version":[{"id":37898,"href":"https:\/\/blogdoedvaldomagalhaes.com.br\/index.php\/wp-json\/wp\/v2\/posts\/70\/revisions\/37898"}],"wp:attachment":[{"href":"https:\/\/blogdoedvaldomagalhaes.com.br\/index.php\/wp-json\/wp\/v2\/media?parent=70"}],"wp:term":[{"taxonomy":"category","embeddable":true,"href":"https:\/\/blogdoedvaldomagalhaes.com.br\/index.php\/wp-json\/wp\/v2\/categories?post=70"},{"taxonomy":"post_tag","embeddable":true,"href":"https:\/\/blogdoedvaldomagalhaes.com.br\/index.php\/wp-json\/wp\/v2\/tags?post=70"}],"curies":[{"name":"wp","href":"https:\/\/api.w.org\/{rel}","templated":true}]}}