{"id":699,"date":"2018-11-15T15:39:00","date_gmt":"2018-11-15T17:39:00","guid":{"rendered":"http:\/\/blogdoedvaldomagalhaes.com.br\/index.php\/2018\/11\/15\/veja-como-ficou-local-onde-teve-u\/"},"modified":"2019-02-09T02:39:50","modified_gmt":"2019-02-09T04:39:50","slug":"veja-como-ficou-local-onde-teve-u","status":"publish","type":"post","link":"https:\/\/blogdoedvaldomagalhaes.com.br\/index.php\/2018\/11\/15\/veja-como-ficou-local-onde-teve-u\/","title":{"rendered":"Veja como ficou local onde teve um inc\u00eandio em Caruaru nesta quinta (15)"},"content":{"rendered":"<div class=\"separator\" style=\"clear: both; text-align: center;\">\n<a href=\"https:\/\/2.bp.blogspot.com\/-UaGjkxkElqU\/W-2RZJyCe0I\/AAAAAAAA9oY\/mB6qg27HqNQ3llvvQ75kuOXMc7vIQ35fACLcBGAs\/s1600\/IMG-20181115-WA0071.jpg\" imageanchor=\"1\" style=\"margin-left: 1em; margin-right: 1em;\"><img loading=\"lazy\" decoding=\"async\" border=\"0\" data-original-height=\"864\" data-original-width=\"1152\" height=\"480\" src=\"http:\/\/blogdoedvaldomagalhaes.com.br\/wp-content\/uploads\/2018\/11\/IMG-20181115-WA0071.jpg\" width=\"640\" \/><\/a><\/div>\n<p><\/p>\n<div style=\"text-align: justify;\">\nUm inc\u00eandio foi registrado na manh\u00e3 desta quinta-feira (15), entre o terreno da antiga Fundac, onde \u00e9 realizada a Feira da Sulanca, e a rua Miguel de Sena, no bairro Petr\u00f3polis, em Caruaru. O fogo destruiu lixo e mato em uma \u00e1rea pertencente a uma oficina e um fabrico de manequins.<\/div>\n<div style=\"text-align: justify;\">\n<\/div>\n<div class=\"separator\" style=\"clear: both; text-align: center;\">\n<a href=\"https:\/\/1.bp.blogspot.com\/-ciKN39K6uew\/W-2RaJmobmI\/AAAAAAAA9oc\/BRN-xqsEnc0FDJPawooYR8L2JIhVcxbnACLcBGAs\/s1600\/IMG-20181115-WA0070.jpg\" imageanchor=\"1\" style=\"margin-left: 1em; margin-right: 1em;\"><img loading=\"lazy\" decoding=\"async\" border=\"0\" data-original-height=\"864\" data-original-width=\"1152\" height=\"480\" src=\"http:\/\/blogdoedvaldomagalhaes.com.br\/wp-content\/uploads\/2018\/11\/IMG-20181115-WA0070.jpg\" width=\"640\" \/><\/a><\/div>\n<p><\/p>\n<div style=\"text-align: justify;\">\nOs moradores de resid\u00eancias pr\u00f3ximas ficaram preocupados, temendo que as chamas se espalhassem. O Corpo de Bombeiros foi acionado e combateu as chamas. Ainda n\u00e3o h\u00e1 informa\u00e7\u00f5es sobre as causas do inc\u00eandio.<\/div>\n<div style=\"text-align: justify;\">\n<\/div>\n<div style=\"text-align: justify;\">\n<\/div>\n<div class=\"separator\" style=\"clear: both; text-align: center;\">\n<a href=\"https:\/\/4.bp.blogspot.com\/-m8Fu-RKqkzo\/W-2Re0Edh-I\/AAAAAAAA9og\/VpctK1FIckAg7jOMxgbg6Z5NUYE6yFMeQCLcBGAs\/s1600\/IMG-20181115-WA0069.jpg\" imageanchor=\"1\" style=\"margin-left: 1em; margin-right: 1em;\"><img loading=\"lazy\" decoding=\"async\" border=\"0\" data-original-height=\"864\" data-original-width=\"1152\" height=\"480\" src=\"http:\/\/blogdoedvaldomagalhaes.com.br\/wp-content\/uploads\/2018\/11\/IMG-20181115-WA0069.jpg\" width=\"640\" \/><\/a><\/div>\n<p><\/p>\n<div class=\"separator\" style=\"clear: both; text-align: center;\">\n<a href=\"https:\/\/1.bp.blogspot.com\/--PFsRfptQ_k\/W-2RgosYXuI\/AAAAAAAA9ok\/pEUD4D9rxMMEWlzFozXMfjQYhPJR_ii8wCLcBGAs\/s1600\/IMG-20181115-WA0068.jpg\" imageanchor=\"1\" style=\"margin-left: 1em; margin-right: 1em;\"><img loading=\"lazy\" decoding=\"async\" border=\"0\" data-original-height=\"864\" data-original-width=\"1152\" height=\"480\" src=\"http:\/\/blogdoedvaldomagalhaes.com.br\/wp-content\/uploads\/2018\/11\/IMG-20181115-WA0068.jpg\" width=\"640\" \/><\/a><\/div>\n<div style=\"text-align: center;\">\nFotos: Reprodu\u00e7\u00e3o\/WhatsApp<\/div>\n<div class=\"separator\" style=\"clear: both; text-align: center;\">\n<a href=\"https:\/\/4.bp.blogspot.com\/-U9tjWQoIdOQ\/W-2UXlywS9I\/AAAAAAAA9o8\/a3zfOr8-Tj0NI3mCeapYWUYkTfsdY0IkACLcBGAs\/s1600\/lucio.jpg\" imageanchor=\"1\" style=\"margin-left: 1em; margin-right: 1em;\"><img loading=\"lazy\" decoding=\"async\" border=\"0\" data-original-height=\"372\" data-original-width=\"500\" height=\"472\" src=\"http:\/\/blogdoedvaldomagalhaes.com.br\/wp-content\/uploads\/2018\/11\/lucio.jpg\" width=\"640\" \/><\/a><\/div>\n<div class=\"separator\" style=\"clear: both; text-align: center;\">\nFoto: L\u00facio Mauro<\/div>\n<div style=\"text-align: center;\">\n<\/div>\n","protected":false},"excerpt":{"rendered":"<p>Um inc\u00eandio foi registrado na manh\u00e3 desta quinta-feira (15), entre o terreno da antiga Fundac, onde \u00e9 realizada a Feira&hellip;<\/p>\n","protected":false},"author":1,"featured_media":0,"comment_status":"open","ping_status":"open","sticky":false,"template":"","format":"standard","meta":{"footnotes":""},"categories":[1],"tags":[2,6,638],"class_list":["post-699","post","type-post","status-publish","format-standard","hentry","category-sem-categoria","tag-blog-do-edvaldo-magalhaes","tag-noticias","tag-veja-como-ficou-local-onde-teve-um-incendio-em-caruaru-nesta-quinta-15"],"_links":{"self":[{"href":"https:\/\/blogdoedvaldomagalhaes.com.br\/index.php\/wp-json\/wp\/v2\/posts\/699","targetHints":{"allow":["GET"]}}],"collection":[{"href":"https:\/\/blogdoedvaldomagalhaes.com.br\/index.php\/wp-json\/wp\/v2\/posts"}],"about":[{"href":"https:\/\/blogdoedvaldomagalhaes.com.br\/index.php\/wp-json\/wp\/v2\/types\/post"}],"author":[{"embeddable":true,"href":"https:\/\/blogdoedvaldomagalhaes.com.br\/index.php\/wp-json\/wp\/v2\/users\/1"}],"replies":[{"embeddable":true,"href":"https:\/\/blogdoedvaldomagalhaes.com.br\/index.php\/wp-json\/wp\/v2\/comments?post=699"}],"version-history":[{"count":1,"href":"https:\/\/blogdoedvaldomagalhaes.com.br\/index.php\/wp-json\/wp\/v2\/posts\/699\/revisions"}],"predecessor-version":[{"id":35864,"href":"https:\/\/blogdoedvaldomagalhaes.com.br\/index.php\/wp-json\/wp\/v2\/posts\/699\/revisions\/35864"}],"wp:attachment":[{"href":"https:\/\/blogdoedvaldomagalhaes.com.br\/index.php\/wp-json\/wp\/v2\/media?parent=699"}],"wp:term":[{"taxonomy":"category","embeddable":true,"href":"https:\/\/blogdoedvaldomagalhaes.com.br\/index.php\/wp-json\/wp\/v2\/categories?post=699"},{"taxonomy":"post_tag","embeddable":true,"href":"https:\/\/blogdoedvaldomagalhaes.com.br\/index.php\/wp-json\/wp\/v2\/tags?post=699"}],"curies":[{"name":"wp","href":"https:\/\/api.w.org\/{rel}","templated":true}]}}