{"id":69868,"date":"2021-05-13T13:29:17","date_gmt":"2021-05-13T16:29:17","guid":{"rendered":"https:\/\/blogdoedvaldomagalhaes.com.br\/?p=69868"},"modified":"2021-05-13T13:29:32","modified_gmt":"2021-05-13T16:29:32","slug":"apac-alerta-para-chuvas-que-podem-ultrapassar-155-mm-em-pernambuco","status":"publish","type":"post","link":"https:\/\/blogdoedvaldomagalhaes.com.br\/index.php\/2021\/05\/13\/apac-alerta-para-chuvas-que-podem-ultrapassar-155-mm-em-pernambuco\/","title":{"rendered":"Apac alerta para chuvas que podem ultrapassar 155 mm em Pernambuco"},"content":{"rendered":"<p style=\"text-align: justify;\">A Apac emitiu uma intensifica\u00e7\u00e3o do Aviso Meteorol\u00f3gico nesta quinta-feira (13), indicando uma previs\u00e3o de chuvas de intensidade forte, com potencial de ultrapassar os 150 mm, para a Regi\u00e3o Metropolitana do Recife, Zona da Mata Norte e Sul e Fernando de Noronha, podendo se estender para o Agreste.<\/p>\n<p style=\"text-align: justify;\">Devido a atua\u00e7\u00e3o de um sistema meteorol\u00f3gico chamado Dist\u00farbio Ondulat\u00f3rio de Leste \u2013 DOL. Esse sistema \u00e9 considerado comum para essa \u00e9poca do ano, por\u00e9m est\u00e1 caracterizado com bastante umidade e possibilitando chuvas com intensidade moderada a forte, com aumento gradativo de chuvas desde a noite da quarta-feira (12).<\/p>\n\n\n<figure class=\"wp-block-image size-large\"><img loading=\"lazy\" decoding=\"async\" width=\"907\" height=\"1024\" src=\"https:\/\/blogdoedvaldomagalhaes.com.br\/wp-content\/uploads\/2021\/05\/IMG-20210513-WA0051.jpg\" alt=\"\" class=\"wp-image-69870\" srcset=\"https:\/\/blogdoedvaldomagalhaes.com.br\/wp-content\/uploads\/2021\/05\/IMG-20210513-WA0051.jpg 907w, https:\/\/blogdoedvaldomagalhaes.com.br\/wp-content\/uploads\/2021\/05\/IMG-20210513-WA0051-266x300.jpg 266w, https:\/\/blogdoedvaldomagalhaes.com.br\/wp-content\/uploads\/2021\/05\/IMG-20210513-WA0051-768x867.jpg 768w\" sizes=\"auto, (max-width: 907px) 100vw, 907px\" \/><\/figure>\n","protected":false},"excerpt":{"rendered":"<p>A Apac emitiu uma intensifica\u00e7\u00e3o do Aviso Meteorol\u00f3gico nesta quinta-feira (13), indicando uma previs\u00e3o de chuvas de intensidade forte, com&hellip;<\/p>\n","protected":false},"author":1,"featured_media":69869,"comment_status":"open","ping_status":"open","sticky":false,"template":"","format":"standard","meta":{"footnotes":""},"categories":[1],"tags":[21626,6],"class_list":["post-69868","post","type-post","status-publish","format-standard","has-post-thumbnail","hentry","category-sem-categoria","tag-apac-alerta-para-chuvas-que-podem-ultrapassar-155-mm-em-pernambuco","tag-noticias"],"_links":{"self":[{"href":"https:\/\/blogdoedvaldomagalhaes.com.br\/index.php\/wp-json\/wp\/v2\/posts\/69868","targetHints":{"allow":["GET"]}}],"collection":[{"href":"https:\/\/blogdoedvaldomagalhaes.com.br\/index.php\/wp-json\/wp\/v2\/posts"}],"about":[{"href":"https:\/\/blogdoedvaldomagalhaes.com.br\/index.php\/wp-json\/wp\/v2\/types\/post"}],"author":[{"embeddable":true,"href":"https:\/\/blogdoedvaldomagalhaes.com.br\/index.php\/wp-json\/wp\/v2\/users\/1"}],"replies":[{"embeddable":true,"href":"https:\/\/blogdoedvaldomagalhaes.com.br\/index.php\/wp-json\/wp\/v2\/comments?post=69868"}],"version-history":[{"count":1,"href":"https:\/\/blogdoedvaldomagalhaes.com.br\/index.php\/wp-json\/wp\/v2\/posts\/69868\/revisions"}],"predecessor-version":[{"id":69871,"href":"https:\/\/blogdoedvaldomagalhaes.com.br\/index.php\/wp-json\/wp\/v2\/posts\/69868\/revisions\/69871"}],"wp:featuredmedia":[{"embeddable":true,"href":"https:\/\/blogdoedvaldomagalhaes.com.br\/index.php\/wp-json\/wp\/v2\/media\/69869"}],"wp:attachment":[{"href":"https:\/\/blogdoedvaldomagalhaes.com.br\/index.php\/wp-json\/wp\/v2\/media?parent=69868"}],"wp:term":[{"taxonomy":"category","embeddable":true,"href":"https:\/\/blogdoedvaldomagalhaes.com.br\/index.php\/wp-json\/wp\/v2\/categories?post=69868"},{"taxonomy":"post_tag","embeddable":true,"href":"https:\/\/blogdoedvaldomagalhaes.com.br\/index.php\/wp-json\/wp\/v2\/tags?post=69868"}],"curies":[{"name":"wp","href":"https:\/\/api.w.org\/{rel}","templated":true}]}}