{"id":69865,"date":"2021-05-13T12:58:39","date_gmt":"2021-05-13T15:58:39","guid":{"rendered":"https:\/\/blogdoedvaldomagalhaes.com.br\/?p=69865"},"modified":"2021-05-13T12:58:56","modified_gmt":"2021-05-13T15:58:56","slug":"adiados-jogos-do-quadrangular-da-permanencia-do-pernambucano-por-conta-das-chuvas","status":"publish","type":"post","link":"https:\/\/blogdoedvaldomagalhaes.com.br\/index.php\/2021\/05\/13\/adiados-jogos-do-quadrangular-da-permanencia-do-pernambucano-por-conta-das-chuvas\/","title":{"rendered":"Adiados jogos do quadrangular da perman\u00eancia do Pernambucano por conta das chuvas"},"content":{"rendered":"<p style=\"text-align: justify;\">Os jogos do quadrangular da perman\u00eancia do Campeonato Pernambuco 2021, que estavam programados para \u00e0s 15h desta quinta-feira (13), no Recife e em Caruaru, foram adiados por conta das fortes chuvas em Recife, onde seria realizado o jogo Retr\u00f4 x Sete de Setembro, no Est\u00e1dio Jos\u00e9 do R\u00eago Maciel (Arruda). Como o resultado de um jogo interessa diretamente ao outro, eles tem que ser realizados no mesmo dia e hor\u00e1rio.<\/p>\n<p style=\"text-align: justify;\">Em Caruaru, a chuva est\u00e1 fraca e o jogo entre Central x Acad\u00eamica Vit\u00f3ria, poderia ser realizado no Est\u00e1dio Luiz Jos\u00e9 de Lacerda (Lacerd\u00e3o). A FPF ainda n\u00e3o definiu o dia em que os dois jogos do quadrangular da perman\u00eancia, ser\u00e3o realizados.<\/p>\n","protected":false},"excerpt":{"rendered":"<p>Os jogos do quadrangular da perman\u00eancia do Campeonato Pernambuco 2021, que estavam programados para \u00e0s 15h desta quinta-feira (13), no&hellip;<\/p>\n","protected":false},"author":1,"featured_media":69866,"comment_status":"open","ping_status":"open","sticky":false,"template":"","format":"standard","meta":{"footnotes":""},"categories":[14123],"tags":[21625,2,19532,1950],"class_list":["post-69865","post","type-post","status-publish","format-standard","has-post-thumbnail","hentry","category-futebol","tag-adiados-jogos-do-quadrangular-da-permanencia-do-pernambucano-por-conta-das-chuvas","tag-blog-do-edvaldo-magalhaes","tag-blog-mais-acessado-e-visualizado-de-caruaru-e-regiao","tag-noticias-de-caruaru"],"_links":{"self":[{"href":"https:\/\/blogdoedvaldomagalhaes.com.br\/index.php\/wp-json\/wp\/v2\/posts\/69865","targetHints":{"allow":["GET"]}}],"collection":[{"href":"https:\/\/blogdoedvaldomagalhaes.com.br\/index.php\/wp-json\/wp\/v2\/posts"}],"about":[{"href":"https:\/\/blogdoedvaldomagalhaes.com.br\/index.php\/wp-json\/wp\/v2\/types\/post"}],"author":[{"embeddable":true,"href":"https:\/\/blogdoedvaldomagalhaes.com.br\/index.php\/wp-json\/wp\/v2\/users\/1"}],"replies":[{"embeddable":true,"href":"https:\/\/blogdoedvaldomagalhaes.com.br\/index.php\/wp-json\/wp\/v2\/comments?post=69865"}],"version-history":[{"count":1,"href":"https:\/\/blogdoedvaldomagalhaes.com.br\/index.php\/wp-json\/wp\/v2\/posts\/69865\/revisions"}],"predecessor-version":[{"id":69867,"href":"https:\/\/blogdoedvaldomagalhaes.com.br\/index.php\/wp-json\/wp\/v2\/posts\/69865\/revisions\/69867"}],"wp:featuredmedia":[{"embeddable":true,"href":"https:\/\/blogdoedvaldomagalhaes.com.br\/index.php\/wp-json\/wp\/v2\/media\/69866"}],"wp:attachment":[{"href":"https:\/\/blogdoedvaldomagalhaes.com.br\/index.php\/wp-json\/wp\/v2\/media?parent=69865"}],"wp:term":[{"taxonomy":"category","embeddable":true,"href":"https:\/\/blogdoedvaldomagalhaes.com.br\/index.php\/wp-json\/wp\/v2\/categories?post=69865"},{"taxonomy":"post_tag","embeddable":true,"href":"https:\/\/blogdoedvaldomagalhaes.com.br\/index.php\/wp-json\/wp\/v2\/tags?post=69865"}],"curies":[{"name":"wp","href":"https:\/\/api.w.org\/{rel}","templated":true}]}}