{"id":69862,"date":"2021-05-13T11:41:09","date_gmt":"2021-05-13T14:41:09","guid":{"rendered":"https:\/\/blogdoedvaldomagalhaes.com.br\/?p=69862"},"modified":"2021-05-13T11:41:12","modified_gmt":"2021-05-13T14:41:12","slug":"assembleia-legislativa-presta-homenagem-ao-padre-bianchi-xavier","status":"publish","type":"post","link":"https:\/\/blogdoedvaldomagalhaes.com.br\/index.php\/2021\/05\/13\/assembleia-legislativa-presta-homenagem-ao-padre-bianchi-xavier\/","title":{"rendered":"Assembleia Legislativa presta homenagem ao padre Bianchi Xavier"},"content":{"rendered":"<p style=\"text-align: justify;\">A pedido de Tony Gel, Alepe presta homenagem ao padre Bianchi Xavier<\/p>\n<p style=\"text-align: justify;\">A pedido do Deputado Estadual Tony Gel, a Assembleia Legislativa de Pernambuco, na sess\u00e3o plen\u00e1ria desta quinta-feira, 13, prestou uma homenagem ao Padre Bianchi Xavier, que morreu ontem v\u00edtima da Covid-19, com um minuto de sil\u00eancio.<\/p>\n<p style=\"text-align: justify;\">Tony Gel conheceu o Padre Bianchi Xavier muito antes de ele ter se ordenado padre e nutria grande amizade por ele.<\/p>\n<p>&#8220;O padre Bianchi vai ser sempre lembrado por todos. Fica a saudade, e essa homenagem prestada hoje a ele aqui na Assembleia foi mais do que justa&#8221; disse Tony Gel.<\/p>\n","protected":false},"excerpt":{"rendered":"<p>A pedido de Tony Gel, Alepe presta homenagem ao padre Bianchi Xavier A pedido do Deputado Estadual Tony Gel, a&hellip;<\/p>\n","protected":false},"author":1,"featured_media":69863,"comment_status":"open","ping_status":"open","sticky":false,"template":"","format":"standard","meta":{"footnotes":""},"categories":[14122],"tags":[21624,2,19532,1950,995],"class_list":["post-69862","post","type-post","status-publish","format-standard","has-post-thumbnail","hentry","category-politica","tag-assembleia-legislativa-presta-homenagem-ao-padre-bianchi-xavier","tag-blog-do-edvaldo-magalhaes","tag-blog-mais-acessado-e-visualizado-de-caruaru-e-regiao","tag-noticias-de-caruaru","tag-tony-gel"],"_links":{"self":[{"href":"https:\/\/blogdoedvaldomagalhaes.com.br\/index.php\/wp-json\/wp\/v2\/posts\/69862","targetHints":{"allow":["GET"]}}],"collection":[{"href":"https:\/\/blogdoedvaldomagalhaes.com.br\/index.php\/wp-json\/wp\/v2\/posts"}],"about":[{"href":"https:\/\/blogdoedvaldomagalhaes.com.br\/index.php\/wp-json\/wp\/v2\/types\/post"}],"author":[{"embeddable":true,"href":"https:\/\/blogdoedvaldomagalhaes.com.br\/index.php\/wp-json\/wp\/v2\/users\/1"}],"replies":[{"embeddable":true,"href":"https:\/\/blogdoedvaldomagalhaes.com.br\/index.php\/wp-json\/wp\/v2\/comments?post=69862"}],"version-history":[{"count":1,"href":"https:\/\/blogdoedvaldomagalhaes.com.br\/index.php\/wp-json\/wp\/v2\/posts\/69862\/revisions"}],"predecessor-version":[{"id":69864,"href":"https:\/\/blogdoedvaldomagalhaes.com.br\/index.php\/wp-json\/wp\/v2\/posts\/69862\/revisions\/69864"}],"wp:featuredmedia":[{"embeddable":true,"href":"https:\/\/blogdoedvaldomagalhaes.com.br\/index.php\/wp-json\/wp\/v2\/media\/69863"}],"wp:attachment":[{"href":"https:\/\/blogdoedvaldomagalhaes.com.br\/index.php\/wp-json\/wp\/v2\/media?parent=69862"}],"wp:term":[{"taxonomy":"category","embeddable":true,"href":"https:\/\/blogdoedvaldomagalhaes.com.br\/index.php\/wp-json\/wp\/v2\/categories?post=69862"},{"taxonomy":"post_tag","embeddable":true,"href":"https:\/\/blogdoedvaldomagalhaes.com.br\/index.php\/wp-json\/wp\/v2\/tags?post=69862"}],"curies":[{"name":"wp","href":"https:\/\/api.w.org\/{rel}","templated":true}]}}