{"id":69858,"date":"2021-05-13T10:34:54","date_gmt":"2021-05-13T13:34:54","guid":{"rendered":"https:\/\/blogdoedvaldomagalhaes.com.br\/?p=69858"},"modified":"2021-05-13T10:34:57","modified_gmt":"2021-05-13T13:34:57","slug":"suspeitos-de-assaltar-comerciantes-sao-apreendidos-com-armas-em-caruaru","status":"publish","type":"post","link":"https:\/\/blogdoedvaldomagalhaes.com.br\/index.php\/2021\/05\/13\/suspeitos-de-assaltar-comerciantes-sao-apreendidos-com-armas-em-caruaru\/","title":{"rendered":"Suspeitos de assaltar comerciantes s\u00e3o apreendidos com armas em Caruaru"},"content":{"rendered":"<p style=\"text-align: justify;\"><span style=\"font-size: inherit;\">Um idoso, de 72 anos, um adolescente, de 16, e um jovem, de 26, que s\u00e3o suspeitos de assaltar comerciantes da Feira da Sulanca foram apreendidos, na noite de quarta-feira (12), pela Pol\u00edcia Rodovi\u00e1ria Federal (PRF), na BR 104, em Caruaru, no Agreste de Pernambuco. Eles possuiam passagens na pol\u00edcia e portavam uma pistola e um rev\u00f3lver com muni\u00e7\u00f5es calibre 38.<\/span><\/p>\n<p style=\"text-align: justify;\">Policiais realizavam uma fiscaliza\u00e7\u00e3o no Km 57 da rodovia, quando observaram um carro trafegando em baixa velocidade atr\u00e1s de um utilit\u00e1rio. No momento em que foi dada ordem de parada ao motorista, a equipe flagrou as armas sendo arremessadas pela janela do ve\u00edculo.<\/p>\n<p style=\"text-align: justify;\">Durante a abordagem, os ocupantes do carro tentaram atribuir o porte das armas ao adolescente. Ele j\u00e1 havia sido apreendido pela PRF por atos infracionais an\u00e1logos a recepta\u00e7\u00e3o e porte de arma, o idoso j\u00e1 havia sido detido por suspeita de roubo a carga e o jovem havia sa\u00eddo do pres\u00eddio h\u00e1 cerca de dois meses, por tr\u00e1fico de drogas, al\u00e9m de possuir passagem na pol\u00edcia por tentativa de homic\u00eddio.<\/p>\n<p style=\"text-align: justify;\">O grupo foi encaminhado junto com as armas \u00e0 Delegacia de Pol\u00edcia Civil de Caruaru. Quem tiver sido v\u00edtima de roubo no Agreste pode comparecer ao local para tentar reconhecer os suspeitos.<\/p>\n\n\n<figure class=\"wp-block-image size-large\"><img loading=\"lazy\" decoding=\"async\" width=\"1024\" height=\"768\" src=\"https:\/\/blogdoedvaldomagalhaes.com.br\/wp-content\/uploads\/2021\/05\/IMG-20210513-WA0027-1024x768.jpg\" alt=\"\" class=\"wp-image-69860\" srcset=\"https:\/\/blogdoedvaldomagalhaes.com.br\/wp-content\/uploads\/2021\/05\/IMG-20210513-WA0027-1024x768.jpg 1024w, https:\/\/blogdoedvaldomagalhaes.com.br\/wp-content\/uploads\/2021\/05\/IMG-20210513-WA0027-300x225.jpg 300w, https:\/\/blogdoedvaldomagalhaes.com.br\/wp-content\/uploads\/2021\/05\/IMG-20210513-WA0027-768x576.jpg 768w, https:\/\/blogdoedvaldomagalhaes.com.br\/wp-content\/uploads\/2021\/05\/IMG-20210513-WA0027-1536x1153.jpg 1536w, https:\/\/blogdoedvaldomagalhaes.com.br\/wp-content\/uploads\/2021\/05\/IMG-20210513-WA0027-160x120.jpg 160w, https:\/\/blogdoedvaldomagalhaes.com.br\/wp-content\/uploads\/2021\/05\/IMG-20210513-WA0027.jpg 1599w\" sizes=\"auto, (max-width: 1024px) 100vw, 1024px\" \/><figcaption>Fotos: PRF\/Divulga\u00e7\u00e3o<\/figcaption><\/figure>\n","protected":false},"excerpt":{"rendered":"<p>Um idoso, de 72 anos, um adolescente, de 16, e um jovem, de 26, que s\u00e3o suspeitos de assaltar comerciantes&hellip;<\/p>\n","protected":false},"author":1,"featured_media":69859,"comment_status":"open","ping_status":"open","sticky":false,"template":"","format":"standard","meta":{"footnotes":""},"categories":[14121],"tags":[2,19532,1950,21623],"class_list":["post-69858","post","type-post","status-publish","format-standard","has-post-thumbnail","hentry","category-policial","tag-blog-do-edvaldo-magalhaes","tag-blog-mais-acessado-e-visualizado-de-caruaru-e-regiao","tag-noticias-de-caruaru","tag-suspeitos-de-assaltar-comerciantes-sao-apreendidos-com-armas-em-caruaru"],"_links":{"self":[{"href":"https:\/\/blogdoedvaldomagalhaes.com.br\/index.php\/wp-json\/wp\/v2\/posts\/69858","targetHints":{"allow":["GET"]}}],"collection":[{"href":"https:\/\/blogdoedvaldomagalhaes.com.br\/index.php\/wp-json\/wp\/v2\/posts"}],"about":[{"href":"https:\/\/blogdoedvaldomagalhaes.com.br\/index.php\/wp-json\/wp\/v2\/types\/post"}],"author":[{"embeddable":true,"href":"https:\/\/blogdoedvaldomagalhaes.com.br\/index.php\/wp-json\/wp\/v2\/users\/1"}],"replies":[{"embeddable":true,"href":"https:\/\/blogdoedvaldomagalhaes.com.br\/index.php\/wp-json\/wp\/v2\/comments?post=69858"}],"version-history":[{"count":1,"href":"https:\/\/blogdoedvaldomagalhaes.com.br\/index.php\/wp-json\/wp\/v2\/posts\/69858\/revisions"}],"predecessor-version":[{"id":69861,"href":"https:\/\/blogdoedvaldomagalhaes.com.br\/index.php\/wp-json\/wp\/v2\/posts\/69858\/revisions\/69861"}],"wp:featuredmedia":[{"embeddable":true,"href":"https:\/\/blogdoedvaldomagalhaes.com.br\/index.php\/wp-json\/wp\/v2\/media\/69859"}],"wp:attachment":[{"href":"https:\/\/blogdoedvaldomagalhaes.com.br\/index.php\/wp-json\/wp\/v2\/media?parent=69858"}],"wp:term":[{"taxonomy":"category","embeddable":true,"href":"https:\/\/blogdoedvaldomagalhaes.com.br\/index.php\/wp-json\/wp\/v2\/categories?post=69858"},{"taxonomy":"post_tag","embeddable":true,"href":"https:\/\/blogdoedvaldomagalhaes.com.br\/index.php\/wp-json\/wp\/v2\/tags?post=69858"}],"curies":[{"name":"wp","href":"https:\/\/api.w.org\/{rel}","templated":true}]}}